{"id":576,"date":"2018-05-28T16:04:58","date_gmt":"2018-05-28T16:04:58","guid":{"rendered":"http:\/\/institutviladomat.cat\/portfoli\/15marbernet\/?p=576"},"modified":"2018-06-11T06:44:23","modified_gmt":"2018-06-11T06:44:23","slug":"ivan-labanda","status":"publish","type":"post","link":"https:\/\/institutviladomat.cat\/portfoli\/15marbernet\/2018\/05\/28\/ivan-labanda\/","title":{"rendered":"Ivan Labanda"},"content":{"rendered":"<p>L&#8217;Ivan\u00a0<span class=\"hiddenSpellError\">Labanda<\/span>\u00a0va venir a l&#8217;Institut per explicar-nos la seva vida, que havia estudiat, que havia fet per dedicar-se al que li agrada, i com ha estat la seva carrera al llarg dels anys. Per\u00f2 qui \u00e9s Ivan\u00a0<span class=\"hiddenSpellError\">Labanda<\/span>?<\/p>\n<p>Ivan\u00a0<span class=\"hiddenSpellError\">Labanda<\/span>\u00a0\u00e9s un actor catal\u00e0 que t\u00e9 un ampli historial d&#8217;obres de teatre, programes de televisi\u00f3 i pel\u00b7l\u00edcules. Espec\u00edficament, ha fet 30 obres de teatre, i ha fet 9 programes o s\u00e8ries de televisi\u00f3, i ha intervingut o ha fet 8 pel\u00b7l\u00edcules. Va comen\u00e7ar\u00a0<span class=\"hiddenGreenError\">als 12 anys<\/span>\u00a0i des de llavors que no ha parat. \u00c9s un actor que sempre t\u00e9 feina i que sempre est\u00e0 ocupat.<\/p>\n<p>Els programes que li agrada o li ha agradat fer han sigut Pol\u00f2nia i\u00a0<span class=\"hiddenSpellError\">Cr\u00e0ckovia<\/span>. Els companys i l&#8217;ambient que hi ha \u00e9s fant\u00e0stic, deia. Tamb\u00e9 va parlar dels seus companys, alguns molt seriosos, altres impredictibles, uns que ho segueixen tot a la perfecci\u00f3&#8230; Aix\u00f2 deia que era art del joc i que a ell li agradava. A part, el personatge que m\u00e9s li agrada representar \u00e9s Miquel\u00a0<span class=\"hiddenSpellError\">Iceta<\/span>. Diu que s&#8217;ho passa molt b\u00e9 fent aquest personatge i que es porta els personatges cap al seu camp de confort. Tamb\u00e9 deia que han creat un Miquel\u00a0<span class=\"hiddenSpellError\">Iceta<\/span>\u00a0que no s&#8217;assembla gens al de la vida real, per\u00f2 que al p\u00fablic agrada molt.<\/p>\n<p>Li vam preguntar tamb\u00e9 sobre si tenia un mal dia, que havia de fer. Ens va contestar que \u00e9s com qualsevol treball, s&#8217;ha de dissimular. Si ell t\u00e9 un mal dia i no est\u00e0 d&#8217;humor, s&#8217;ho ha d&#8217;empassar i seguir fent la seva feina. S&#8217;ha de ser professional, deia.<\/p>\n<p>Aquesta xerrada va estar b\u00e9 i vam aprendre moltes coses sobre ell. Va estar una xerrada interessant i din\u00e0mica. Em va agradar bastant.<\/p>\n","protected":false},"excerpt":{"rendered":"<p>L&#8217;Ivan\u00a0Labanda\u00a0va venir a l&#8217;Institut per explicar-nos la seva vida, que havia estudiat, que havia fet per dedicar-se al que li agrada, i com ha estat la seva carrera&#8230;<\/p>\n","protected":false},"author":19,"featured_media":623,"comment_status":"open","ping_status":"open","sticky":false,"template":"","format":"standard","meta":{"footnotes":""},"categories":[41,1],"tags":[],"_links":{"self":[{"href":"https:\/\/institutviladomat.cat\/portfoli\/15marbernet\/wp-json\/wp\/v2\/posts\/576"}],"collection":[{"href":"https:\/\/institutviladomat.cat\/portfoli\/15marbernet\/wp-json\/wp\/v2\/posts"}],"about":[{"href":"https:\/\/institutviladomat.cat\/portfoli\/15marbernet\/wp-json\/wp\/v2\/types\/post"}],"author":[{"embeddable":true,"href":"https:\/\/institutviladomat.cat\/portfoli\/15marbernet\/wp-json\/wp\/v2\/users\/19"}],"replies":[{"embeddable":true,"href":"https:\/\/institutviladomat.cat\/portfoli\/15marbernet\/wp-json\/wp\/v2\/comments?post=576"}],"version-history":[{"count":3,"href":"https:\/\/institutviladomat.cat\/portfoli\/15marbernet\/wp-json\/wp\/v2\/posts\/576\/revisions"}],"predecessor-version":[{"id":624,"href":"https:\/\/institutviladomat.cat\/portfoli\/15marbernet\/wp-json\/wp\/v2\/posts\/576\/revisions\/624"}],"wp:featuredmedia":[{"embeddable":true,"href":"https:\/\/institutviladomat.cat\/portfoli\/15marbernet\/wp-json\/wp\/v2\/media\/623"}],"wp:attachment":[{"href":"https:\/\/institutviladomat.cat\/portfoli\/15marbernet\/wp-json\/wp\/v2\/media?parent=576"}],"wp:term":[{"taxonomy":"category","embeddable":true,"href":"https:\/\/institutviladomat.cat\/portfoli\/15marbernet\/wp-json\/wp\/v2\/categories?post=576"},{"taxonomy":"post_tag","embeddable":true,"href":"https:\/\/institutviladomat.cat\/portfoli\/15marbernet\/wp-json\/wp\/v2\/tags?post=576"}],"curies":[{"name":"wp","href":"https:\/\/api.w.org\/{rel}","templated":true}]}}