{"id":578,"date":"2018-05-14T06:42:58","date_gmt":"2018-05-14T06:42:58","guid":{"rendered":"http:\/\/institutviladomat.cat\/portfoli\/15marbernet\/?p=578"},"modified":"2018-06-11T06:46:46","modified_gmt":"2018-06-11T06:46:46","slug":"enquesta-i-resultats","status":"publish","type":"post","link":"https:\/\/institutviladomat.cat\/portfoli\/15marbernet\/2018\/05\/14\/enquesta-i-resultats\/","title":{"rendered":"Enquesta i resultats"},"content":{"rendered":"<p>Dins del tema de l&#8217;estad\u00edstica, a catal\u00e0, hem estat tractant com fer enquestes,\u00a0 quines preguntes fer, quines no, com fer i representar els resultats&#8230; En el grup 12 ens va tocar el tema dels esbarjos. Hav\u00edem de formular preguntes per poder saber que volien fer els alumnes l&#8217;any que ve. \u00c9s a dir, a l&#8217;institut nou. Vam preguntar sobre la franja del pati, sobre l&#8217;esmorzar, sobre si surten a l&#8217;hora del pati o si volen continuar sortint a fora a l&#8217;hora del pati. D&#8217;introducci\u00f3 de la nostra enquesta era aquesta: A l\u2019Institut Viladomat hem fet una enquesta per a saber i valorar com els hi afecta i si els hi agrada l&#8217;horari i l&#8217;estona de l&#8217;esbarjo. Aquesta enquesta est\u00e0 adre\u00e7ada a l&#8217;alumnat d&#8217;aquest institut, per saber la seva opini\u00f3 respecte l&#8217;any que ve. Com l\u2019any que ve ja no estaran en barracons i tindran l\u2019edifici de l\u2019institut, volem saber la seva opini\u00f3. T\u00e9 12 preguntes f\u00e0cils de contestar i no molt complexes. Aquesta enquesta la hem realitzat en Pablo, en Joel, l\u2019Aldana i la Mar.<\/p>\n<p>L&#8217;enquesta est\u00e0 aqu\u00ed abaix i el document\u00a0amb totes les dades tamb\u00e9. Aquest document recull totes les dades de la enquesta, i es pot observar les respostes del estudiants.<\/p>\n<iframe width=\"100%\" height=\"400\" frameborder=\"0\" scrolling=\"https:\/\/docs.google.com\/a\/institutviladomat.cat\/forms\/d\/11_AHcMeZdEYGsAZMjF5eR1H4C2WG3ffTxkw1iQjIKJM\/viewform?embedded=true&amp;usp=drivesdk\" src=\"https:\/\/docs.google.com\/a\/institutviladomat.cat\/forms\/d\/11_AHcMeZdEYGsAZMjF5eR1H4C2WG3ffTxkw1iQjIKJM\/viewform?embedded=true&amp;usp=drivesdk\"><\/iframe>\n<p>El document:<\/p>\n<iframe width=\"100%\" height=\"400\" frameborder=\"0\" scrolling=\"https:\/\/docs.google.com\/document\/d\/1fxb6rP6Oa1jWDi6y1sAed8dB8n8zhsYABlFtvG4cw9M\/preview?usp=drivesdk\" src=\"https:\/\/docs.google.com\/document\/d\/1fxb6rP6Oa1jWDi6y1sAed8dB8n8zhsYABlFtvG4cw9M\/preview?usp=drivesdk\"><\/iframe>\n","protected":false},"excerpt":{"rendered":"<p>Dins del tema de l&#8217;estad\u00edstica, a catal\u00e0, hem estat tractant com fer enquestes,\u00a0 quines preguntes fer, quines no, com fer i representar els resultats&#8230; En el grup 12&#8230;<\/p>\n","protected":false},"author":19,"featured_media":581,"comment_status":"open","ping_status":"open","sticky":false,"template":"","format":"standard","meta":{"footnotes":""},"categories":[38,1],"tags":[],"_links":{"self":[{"href":"https:\/\/institutviladomat.cat\/portfoli\/15marbernet\/wp-json\/wp\/v2\/posts\/578"}],"collection":[{"href":"https:\/\/institutviladomat.cat\/portfoli\/15marbernet\/wp-json\/wp\/v2\/posts"}],"about":[{"href":"https:\/\/institutviladomat.cat\/portfoli\/15marbernet\/wp-json\/wp\/v2\/types\/post"}],"author":[{"embeddable":true,"href":"https:\/\/institutviladomat.cat\/portfoli\/15marbernet\/wp-json\/wp\/v2\/users\/19"}],"replies":[{"embeddable":true,"href":"https:\/\/institutviladomat.cat\/portfoli\/15marbernet\/wp-json\/wp\/v2\/comments?post=578"}],"version-history":[{"count":3,"href":"https:\/\/institutviladomat.cat\/portfoli\/15marbernet\/wp-json\/wp\/v2\/posts\/578\/revisions"}],"predecessor-version":[{"id":582,"href":"https:\/\/institutviladomat.cat\/portfoli\/15marbernet\/wp-json\/wp\/v2\/posts\/578\/revisions\/582"}],"wp:featuredmedia":[{"embeddable":true,"href":"https:\/\/institutviladomat.cat\/portfoli\/15marbernet\/wp-json\/wp\/v2\/media\/581"}],"wp:attachment":[{"href":"https:\/\/institutviladomat.cat\/portfoli\/15marbernet\/wp-json\/wp\/v2\/media?parent=578"}],"wp:term":[{"taxonomy":"category","embeddable":true,"href":"https:\/\/institutviladomat.cat\/portfoli\/15marbernet\/wp-json\/wp\/v2\/categories?post=578"},{"taxonomy":"post_tag","embeddable":true,"href":"https:\/\/institutviladomat.cat\/portfoli\/15marbernet\/wp-json\/wp\/v2\/tags?post=578"}],"curies":[{"name":"wp","href":"https:\/\/api.w.org\/{rel}","templated":true}]}}