{"id":602,"date":"2018-05-28T16:26:00","date_gmt":"2018-05-28T16:26:00","guid":{"rendered":"http:\/\/institutviladomat.cat\/portfoli\/15marbernet\/?p=602"},"modified":"2018-05-28T16:26:00","modified_gmt":"2018-05-28T16:26:00","slug":"tots-som-iguals-tots-som-diferents","status":"publish","type":"post","link":"https:\/\/institutviladomat.cat\/portfoli\/15marbernet\/2018\/05\/28\/tots-som-iguals-tots-som-diferents\/","title":{"rendered":"Tots som iguals, tots som diferents"},"content":{"rendered":"<p>Aquesta xerrada tractava sobre la diversitat. Van venir dues noies que estudiaven biom\u00e8dica i ambientals i la seva professora. Ens van passar una presentaci\u00f3 i despr\u00e9s un full amb diferents activitats. Van comen\u00e7ar la presentaci\u00f3 amb unes imatges, i hav\u00edem de dir d&#8217;on creiem que eren aquelles persones. Al full ten\u00edem un mapa i ho hav\u00edem de marcar. En el meu grup cadasc\u00fa creia una per\u00f2 normalment encert\u00e0vem.<\/p>\n<p>La segona part va anar sobre la melanina, els trets f\u00edsics de les diferents &#8220;races&#8221; que hi ha. La melanina \u00e9s un conjunt de c\u00e8l\u00b7lules que el que fan \u00e9s que donen color a la pell. Contra m\u00e9s melanina m\u00e9s fosc. Aquest conjunt est\u00e0 vinculat la vitamina del sol. La gent que m\u00e9s melanina, es posa moreno m\u00e9s r\u00e0pid. Per aix\u00f2 els anglesos, normalment, quan prenen el sol es cremen.<\/p>\n<p>Tamb\u00e9 ens van posar un v\u00eddeo en qu\u00e8 apareixien diferents persones que se sotmetien a un test d&#8217;ADN per saber el seu origen. Els resultats eren molt impactants i sorprenents. Al final resultava que hi havia dues persones que eren cosines. Despr\u00e9s els hi preguntaven si farien un viatge a tots aquests llocs i tots van respondre que s\u00ed.<\/p>\n<p>L&#8217;\u00faltima part de la xerrada va ser m\u00e9s divertida. Hav\u00edem de posar-nos en parelles i dir d&#8217;on creiem que seria la nostra parella si no la conegu\u00e9ssim de res. Va ser molt divertit i despr\u00e9s ho vam posar en com\u00fa. Em va agradar molt la xerrada i va ser molt din\u00e0mica. Va participar tothom i ho van explicar molt b\u00e9.<\/p>\n","protected":false},"excerpt":{"rendered":"<p>Aquesta xerrada tractava sobre la diversitat. Van venir dues noies que estudiaven biom\u00e8dica i ambientals i la seva professora. Ens van passar una presentaci\u00f3 i despr\u00e9s un full&#8230;<\/p>\n","protected":false},"author":19,"featured_media":626,"comment_status":"open","ping_status":"open","sticky":false,"template":"","format":"standard","meta":{"footnotes":""},"categories":[40,1],"tags":[],"_links":{"self":[{"href":"https:\/\/institutviladomat.cat\/portfoli\/15marbernet\/wp-json\/wp\/v2\/posts\/602"}],"collection":[{"href":"https:\/\/institutviladomat.cat\/portfoli\/15marbernet\/wp-json\/wp\/v2\/posts"}],"about":[{"href":"https:\/\/institutviladomat.cat\/portfoli\/15marbernet\/wp-json\/wp\/v2\/types\/post"}],"author":[{"embeddable":true,"href":"https:\/\/institutviladomat.cat\/portfoli\/15marbernet\/wp-json\/wp\/v2\/users\/19"}],"replies":[{"embeddable":true,"href":"https:\/\/institutviladomat.cat\/portfoli\/15marbernet\/wp-json\/wp\/v2\/comments?post=602"}],"version-history":[{"count":3,"href":"https:\/\/institutviladomat.cat\/portfoli\/15marbernet\/wp-json\/wp\/v2\/posts\/602\/revisions"}],"predecessor-version":[{"id":627,"href":"https:\/\/institutviladomat.cat\/portfoli\/15marbernet\/wp-json\/wp\/v2\/posts\/602\/revisions\/627"}],"wp:featuredmedia":[{"embeddable":true,"href":"https:\/\/institutviladomat.cat\/portfoli\/15marbernet\/wp-json\/wp\/v2\/media\/626"}],"wp:attachment":[{"href":"https:\/\/institutviladomat.cat\/portfoli\/15marbernet\/wp-json\/wp\/v2\/media?parent=602"}],"wp:term":[{"taxonomy":"category","embeddable":true,"href":"https:\/\/institutviladomat.cat\/portfoli\/15marbernet\/wp-json\/wp\/v2\/categories?post=602"},{"taxonomy":"post_tag","embeddable":true,"href":"https:\/\/institutviladomat.cat\/portfoli\/15marbernet\/wp-json\/wp\/v2\/tags?post=602"}],"curies":[{"name":"wp","href":"https:\/\/api.w.org\/{rel}","templated":true}]}}