{"id":604,"date":"2018-05-28T15:00:04","date_gmt":"2018-05-28T15:00:04","guid":{"rendered":"http:\/\/institutviladomat.cat\/portfoli\/15marbernet\/?p=604"},"modified":"2018-05-29T05:52:54","modified_gmt":"2018-05-29T05:52:54","slug":"carta-a-un-nen-del-segle-passat","status":"publish","type":"post","link":"https:\/\/institutviladomat.cat\/portfoli\/15marbernet\/2018\/05\/28\/carta-a-un-nen-del-segle-passat\/","title":{"rendered":"Hola Guillem"},"content":{"rendered":"<p><span style=\"font-weight: 400\">Hola Guillem,<\/span><\/p>\n<p><span style=\"font-weight: 400\">Em dic Mar i nom\u00e9s s\u00e9 que tenim la mateixa edat. Les nostres vides s\u00f3n molt diferents pel que m&#8217;han explicat. Les coses abans eren molt m\u00e9s dures, crec que ho saps millor que jo. El que et vull dir \u00e9s que les coses amb el temps han evolucionat. Tots els nens i nenes, almenys a Europa, hem d&#8217;anar a l&#8217;escola i hem de tenir uns estudis. Ens passem els dies aprenent i estudiant per encarar el nostre futur. Vosaltres treballeu des de petits a les f\u00e0briques i no s\u00e9 si sabeu llegir o escriure. A nosaltres ens ho ensenyen des de petits. A part, tenim un futur, tenim aquests estudis per escollir de qu\u00e8 volem treballar. Vosaltres a la f\u00e0brica, suposo, que passeu tota la vida. Actualment, la tecnologia i les m\u00e0quines han avan\u00e7at molt\u00edssim. No s&#8217;utilitza la m\u00e0quina de vapor perqu\u00e8 hi ha altres fonts d&#8217;energia com l&#8217;electricitat. La tecnologia tamb\u00e9 ha evolucionat. Tenim internet, que \u00e9s com una connexi\u00f3 invisible per fer que els m\u00f2bils i els ordinadors funcionin. El m\u00f2bil i ordinadors s\u00f3n petits dispositius que ens permeten comunicar-nos, trucant-nos, escrivint-nos&#8230; Hi ha aquests dispositius, que valen una fortuna, i tothom en t\u00e9 un. Tornant la tema de l&#8217;educaci\u00f3, \u00e9s obligat\u00f2ria. Cap nen o nena pot treballar si no t\u00e9 almenys 16 anys. Aix\u00f2 s\u00f3n els drets dels infants, que poden tenir conseq\u00fc\u00e8ncies molt greus si no es compleixen. <\/span><span style=\"font-weight: 400\">Aix\u00ed doncs, els temps i les coses han canviat. A part de treballar a la f\u00e0brica espero que tamb\u00e9 tingu\u00e9ssiu una estona de diversi\u00f3. <\/span><\/p>\n<p><span style=\"font-weight: 400\">Espero que et vagi tot b\u00e9, Mar.<\/span><\/p>\n","protected":false},"excerpt":{"rendered":"<p>Hola Guillem, Em dic Mar i nom\u00e9s s\u00e9 que tenim la mateixa edat. Les nostres vides s\u00f3n molt diferents pel que m&#8217;han explicat. Les coses abans eren molt&#8230;<\/p>\n","protected":false},"author":19,"featured_media":610,"comment_status":"open","ping_status":"open","sticky":false,"template":"","format":"standard","meta":{"footnotes":""},"categories":[41,1],"tags":[],"_links":{"self":[{"href":"https:\/\/institutviladomat.cat\/portfoli\/15marbernet\/wp-json\/wp\/v2\/posts\/604"}],"collection":[{"href":"https:\/\/institutviladomat.cat\/portfoli\/15marbernet\/wp-json\/wp\/v2\/posts"}],"about":[{"href":"https:\/\/institutviladomat.cat\/portfoli\/15marbernet\/wp-json\/wp\/v2\/types\/post"}],"author":[{"embeddable":true,"href":"https:\/\/institutviladomat.cat\/portfoli\/15marbernet\/wp-json\/wp\/v2\/users\/19"}],"replies":[{"embeddable":true,"href":"https:\/\/institutviladomat.cat\/portfoli\/15marbernet\/wp-json\/wp\/v2\/comments?post=604"}],"version-history":[{"count":6,"href":"https:\/\/institutviladomat.cat\/portfoli\/15marbernet\/wp-json\/wp\/v2\/posts\/604\/revisions"}],"predecessor-version":[{"id":629,"href":"https:\/\/institutviladomat.cat\/portfoli\/15marbernet\/wp-json\/wp\/v2\/posts\/604\/revisions\/629"}],"wp:featuredmedia":[{"embeddable":true,"href":"https:\/\/institutviladomat.cat\/portfoli\/15marbernet\/wp-json\/wp\/v2\/media\/610"}],"wp:attachment":[{"href":"https:\/\/institutviladomat.cat\/portfoli\/15marbernet\/wp-json\/wp\/v2\/media?parent=604"}],"wp:term":[{"taxonomy":"category","embeddable":true,"href":"https:\/\/institutviladomat.cat\/portfoli\/15marbernet\/wp-json\/wp\/v2\/categories?post=604"},{"taxonomy":"post_tag","embeddable":true,"href":"https:\/\/institutviladomat.cat\/portfoli\/15marbernet\/wp-json\/wp\/v2\/tags?post=604"}],"curies":[{"name":"wp","href":"https:\/\/api.w.org\/{rel}","templated":true}]}}