{"id":608,"date":"2018-06-07T16:49:31","date_gmt":"2018-06-07T16:49:31","guid":{"rendered":"http:\/\/institutviladomat.cat\/portfoli\/15marbernet\/?p=608"},"modified":"2018-06-07T16:51:48","modified_gmt":"2018-06-07T16:51:48","slug":"xerrada-daniel-cassany","status":"publish","type":"post","link":"https:\/\/institutviladomat.cat\/portfoli\/15marbernet\/2018\/06\/07\/xerrada-daniel-cassany\/","title":{"rendered":"Xerrada Daniel Cassany"},"content":{"rendered":"<p>El 28 de maig va venir en Daniel Cassany, un professor de\u00a0la universitat\u00a0Pompeu Fabra, a l&#8217;institut. Ens va parlar de l&#8217;\u00fas de les xarxes socials. Ens va dir que ell estudiava a la gent a internet.<\/p>\n<p>Va comen\u00e7ar a explicar-nos els tipus d&#8217;usuaris que hi ha. Ens va parlar dels\u00a0<span class=\"hiddenSpellError\">Gamers<\/span>, dels\u00a0<span class=\"hiddenSpellError\">Otaku<\/span>\u00a0i de molts m\u00e9s grups que s&#8217;han fet famosos amb les xarxes i, ens va fer preguntes sobre si ena consider\u00e0vem friquis d&#8217;alguna cosa. Alguns van contestar que s\u00ed i tamb\u00e9 ens va contestar que els grups de friquis que hi ha s&#8217;han conegut o s&#8217;han viralitzat gr\u00e0cies a les xarxes. Despr\u00e9s ens va preguntar quin usuari creiem que \u00e9rem; un visitant o un resident. La majoria de la gent vam contestar que \u00e9rem visitants.<\/p>\n<p>A l&#8217;\u00faltima part de la xerrada ens va fer una s\u00e8rie de preguntes; que trobem m\u00e9s segur; quedar amb un noi que has conegut per internet o un noi que has vist a la discoteca? La majoria vam contestar que era m\u00e9s segur quedar amb el que havies vist a la discoteca, ja que ja l&#8217;has vist i no pot ser una altra persona. Aix\u00f2 no impedeix que tamb\u00e9 pugui ser una mala persona o aix\u00ed&#8230; Per tant, tots vam acceptar que\u00a0l&#8217;internet\u00a0no era segur i que correm m\u00e9s riscos.<\/p>\n<p>Per acabar amb la xerrada ens va conscienciar de qu\u00e8 hem de vigilar amb el que\u00a0<span class=\"hiddenSpellError\">penjem<\/span>. Aquesta xerrada va ser per enlla\u00e7ar-la amb la nova situaci\u00f3; mons virtuals.<\/p>\n","protected":false},"excerpt":{"rendered":"<p>El 28 de maig va venir en Daniel Cassany, un professor de\u00a0la universitat\u00a0Pompeu Fabra, a l&#8217;institut. Ens va parlar de l&#8217;\u00fas de les xarxes socials. Ens va dir&#8230;<\/p>\n","protected":false},"author":19,"featured_media":647,"comment_status":"open","ping_status":"open","sticky":false,"template":"","format":"standard","meta":{"footnotes":""},"categories":[45],"tags":[],"_links":{"self":[{"href":"https:\/\/institutviladomat.cat\/portfoli\/15marbernet\/wp-json\/wp\/v2\/posts\/608"}],"collection":[{"href":"https:\/\/institutviladomat.cat\/portfoli\/15marbernet\/wp-json\/wp\/v2\/posts"}],"about":[{"href":"https:\/\/institutviladomat.cat\/portfoli\/15marbernet\/wp-json\/wp\/v2\/types\/post"}],"author":[{"embeddable":true,"href":"https:\/\/institutviladomat.cat\/portfoli\/15marbernet\/wp-json\/wp\/v2\/users\/19"}],"replies":[{"embeddable":true,"href":"https:\/\/institutviladomat.cat\/portfoli\/15marbernet\/wp-json\/wp\/v2\/comments?post=608"}],"version-history":[{"count":3,"href":"https:\/\/institutviladomat.cat\/portfoli\/15marbernet\/wp-json\/wp\/v2\/posts\/608\/revisions"}],"predecessor-version":[{"id":649,"href":"https:\/\/institutviladomat.cat\/portfoli\/15marbernet\/wp-json\/wp\/v2\/posts\/608\/revisions\/649"}],"wp:featuredmedia":[{"embeddable":true,"href":"https:\/\/institutviladomat.cat\/portfoli\/15marbernet\/wp-json\/wp\/v2\/media\/647"}],"wp:attachment":[{"href":"https:\/\/institutviladomat.cat\/portfoli\/15marbernet\/wp-json\/wp\/v2\/media?parent=608"}],"wp:term":[{"taxonomy":"category","embeddable":true,"href":"https:\/\/institutviladomat.cat\/portfoli\/15marbernet\/wp-json\/wp\/v2\/categories?post=608"},{"taxonomy":"post_tag","embeddable":true,"href":"https:\/\/institutviladomat.cat\/portfoli\/15marbernet\/wp-json\/wp\/v2\/tags?post=608"}],"curies":[{"name":"wp","href":"https:\/\/api.w.org\/{rel}","templated":true}]}}