{"id":639,"date":"2018-06-04T06:23:19","date_gmt":"2018-06-04T06:23:19","guid":{"rendered":"http:\/\/institutviladomat.cat\/portfoli\/15marbernet\/?p=639"},"modified":"2018-06-11T06:43:02","modified_gmt":"2018-06-11T06:43:02","slug":"debat-sobre-les-vacunes","status":"publish","type":"post","link":"https:\/\/institutviladomat.cat\/portfoli\/15marbernet\/2018\/06\/04\/debat-sobre-les-vacunes\/","title":{"rendered":"Debat sobre les vacunes"},"content":{"rendered":"<p>A Biologia hem hagut de fer un debat sobre les vacunes. L&#8217;Aura ens va deixar escollir els grups amb els que vol\u00edem treballar. Jo vaig anar amb l&#8217;Aldana, el Jaume i la Salo. Vam quedar per a fer-lo i despr\u00e8s vaig editar el v\u00eddeo. Aix\u00ed ha quedat:<\/p>\n<iframe width=\"100%\" height=\"400\" frameborder=\"0\" scrolling=\"https:\/\/drive.google.com\/a\/institutviladomat.cat\/file\/d\/1mr5wBu2fzkdq8DypmXHOyfCDVURNfZuR\/preview?usp=drivesdk\" src=\"https:\/\/drive.google.com\/a\/institutviladomat.cat\/file\/d\/1mr5wBu2fzkdq8DypmXHOyfCDVURNfZuR\/preview?usp=drivesdk\"><\/iframe>\n","protected":false},"excerpt":{"rendered":"<p>A Biologia hem hagut de fer un debat sobre les vacunes. L&#8217;Aura ens va deixar escollir els grups amb els que vol\u00edem treballar. Jo vaig anar amb l&#8217;Aldana,&#8230;<\/p>\n","protected":false},"author":19,"featured_media":641,"comment_status":"open","ping_status":"open","sticky":false,"template":"","format":"standard","meta":{"footnotes":""},"categories":[40,1],"tags":[],"_links":{"self":[{"href":"https:\/\/institutviladomat.cat\/portfoli\/15marbernet\/wp-json\/wp\/v2\/posts\/639"}],"collection":[{"href":"https:\/\/institutviladomat.cat\/portfoli\/15marbernet\/wp-json\/wp\/v2\/posts"}],"about":[{"href":"https:\/\/institutviladomat.cat\/portfoli\/15marbernet\/wp-json\/wp\/v2\/types\/post"}],"author":[{"embeddable":true,"href":"https:\/\/institutviladomat.cat\/portfoli\/15marbernet\/wp-json\/wp\/v2\/users\/19"}],"replies":[{"embeddable":true,"href":"https:\/\/institutviladomat.cat\/portfoli\/15marbernet\/wp-json\/wp\/v2\/comments?post=639"}],"version-history":[{"count":1,"href":"https:\/\/institutviladomat.cat\/portfoli\/15marbernet\/wp-json\/wp\/v2\/posts\/639\/revisions"}],"predecessor-version":[{"id":640,"href":"https:\/\/institutviladomat.cat\/portfoli\/15marbernet\/wp-json\/wp\/v2\/posts\/639\/revisions\/640"}],"wp:featuredmedia":[{"embeddable":true,"href":"https:\/\/institutviladomat.cat\/portfoli\/15marbernet\/wp-json\/wp\/v2\/media\/641"}],"wp:attachment":[{"href":"https:\/\/institutviladomat.cat\/portfoli\/15marbernet\/wp-json\/wp\/v2\/media?parent=639"}],"wp:term":[{"taxonomy":"category","embeddable":true,"href":"https:\/\/institutviladomat.cat\/portfoli\/15marbernet\/wp-json\/wp\/v2\/categories?post=639"},{"taxonomy":"post_tag","embeddable":true,"href":"https:\/\/institutviladomat.cat\/portfoli\/15marbernet\/wp-json\/wp\/v2\/tags?post=639"}],"curies":[{"name":"wp","href":"https:\/\/api.w.org\/{rel}","templated":true}]}}