{"id":643,"date":"2018-06-07T17:26:23","date_gmt":"2018-06-07T17:26:23","guid":{"rendered":"http:\/\/institutviladomat.cat\/portfoli\/15marbernet\/?p=643"},"modified":"2018-06-11T06:41:58","modified_gmt":"2018-06-11T06:41:58","slug":"el-diari-vermell-de-la-carlota","status":"publish","type":"post","link":"https:\/\/institutviladomat.cat\/portfoli\/15marbernet\/2018\/06\/07\/el-diari-vermell-de-la-carlota\/","title":{"rendered":"El diari vermell de la Carlota"},"content":{"rendered":"<p>El diari vermell de la Carlota \u00e9s un llibre que hem llegit a la classe de catal\u00e0. Aquesta vegada no hi havia cap treball ni\u00a0<span class=\"hiddenSpellError\">booktrailer<\/span>\u00a0per fer, per\u00f2 ens va dir que hav\u00edem de fer una continuaci\u00f3 del diari per uns dies. Cada membre del grup havia de fer dos dies de la seva vida.\u00a0Despr\u00e9s\u00a0hav\u00edem d&#8217;escriure en una llibreta fent com si fos el seu diari.<\/p>\n<p>Aquest llibre no narra una\u00a0hist\u00f2ria\u00a0qualsevol, barreja un text explicatiu de la vida de la noia i un altre informatiu. \u00c9s a dir, que fa una barreja d&#8217;aquests dos textos per explicar coses sobre les dones. Tamb\u00e9 parla de temes tab\u00fa, els t\u00edpics, sexualitat,\u00a0m\u00e8todes\u00a0anticonceptius, violacions, embarassos desitjats i no desitjats,\u00a0viol\u00e8ncia\u00a0masclista,\u00a0malalties\u00a0de transmissi\u00f3 sexual i de desenganys i problemes amorosos.<\/p>\n<p>Crec que toca molts temes i molt diversos, a part, l&#8217;hist\u00f2ria\u00a0que hi ha entre la Carlota, en\u00a0<span class=\"hiddenSpellError\">Koert<\/span>\u00a0i en\u00a0<span class=\"hiddenSpellError\">Flanagan<\/span>, \u00e9s el fil conductor. La lectura ha estat molt agradable i f\u00e0cil. Tamb\u00e9 hi havia un vocabulari adequat i d&#8217;informaci\u00f3 que d\u00f3na \u00e9s molt important.<\/p>\n<p>Aqu\u00ed us deixo la continuaci\u00f3 del diari de la Carlota:<\/p>\n<iframe width=\"100%\" height=\"400\" frameborder=\"0\" scrolling=\"https:\/\/docs.google.com\/document\/d\/1D5or-KNzBLbXCpTB-gr45J8qEe242AekAP7NJhlUrTA\/preview?usp=drivesdk\" src=\"https:\/\/docs.google.com\/document\/d\/1D5or-KNzBLbXCpTB-gr45J8qEe242AekAP7NJhlUrTA\/preview?usp=drivesdk\"><\/iframe>\n","protected":false},"excerpt":{"rendered":"<p>El diari vermell de la Carlota \u00e9s un llibre que hem llegit a la classe de catal\u00e0. Aquesta vegada no hi havia cap treball ni\u00a0booktrailer\u00a0per fer, per\u00f2 ens&#8230;<\/p>\n","protected":false},"author":19,"featured_media":655,"comment_status":"open","ping_status":"open","sticky":false,"template":"","format":"standard","meta":{"footnotes":""},"categories":[1,46],"tags":[],"_links":{"self":[{"href":"https:\/\/institutviladomat.cat\/portfoli\/15marbernet\/wp-json\/wp\/v2\/posts\/643"}],"collection":[{"href":"https:\/\/institutviladomat.cat\/portfoli\/15marbernet\/wp-json\/wp\/v2\/posts"}],"about":[{"href":"https:\/\/institutviladomat.cat\/portfoli\/15marbernet\/wp-json\/wp\/v2\/types\/post"}],"author":[{"embeddable":true,"href":"https:\/\/institutviladomat.cat\/portfoli\/15marbernet\/wp-json\/wp\/v2\/users\/19"}],"replies":[{"embeddable":true,"href":"https:\/\/institutviladomat.cat\/portfoli\/15marbernet\/wp-json\/wp\/v2\/comments?post=643"}],"version-history":[{"count":3,"href":"https:\/\/institutviladomat.cat\/portfoli\/15marbernet\/wp-json\/wp\/v2\/posts\/643\/revisions"}],"predecessor-version":[{"id":654,"href":"https:\/\/institutviladomat.cat\/portfoli\/15marbernet\/wp-json\/wp\/v2\/posts\/643\/revisions\/654"}],"wp:featuredmedia":[{"embeddable":true,"href":"https:\/\/institutviladomat.cat\/portfoli\/15marbernet\/wp-json\/wp\/v2\/media\/655"}],"wp:attachment":[{"href":"https:\/\/institutviladomat.cat\/portfoli\/15marbernet\/wp-json\/wp\/v2\/media?parent=643"}],"wp:term":[{"taxonomy":"category","embeddable":true,"href":"https:\/\/institutviladomat.cat\/portfoli\/15marbernet\/wp-json\/wp\/v2\/categories?post=643"},{"taxonomy":"post_tag","embeddable":true,"href":"https:\/\/institutviladomat.cat\/portfoli\/15marbernet\/wp-json\/wp\/v2\/tags?post=643"}],"curies":[{"name":"wp","href":"https:\/\/api.w.org\/{rel}","templated":true}]}}