{"id":65,"date":"2016-10-15T17:25:15","date_gmt":"2016-10-15T17:25:15","guid":{"rendered":"http:\/\/institutviladomat.cat\/portfoli\/15marbernet\/?p=65"},"modified":"2016-10-15T17:25:15","modified_gmt":"2016-10-15T17:25:15","slug":"xerrada-meteorologica","status":"publish","type":"post","link":"https:\/\/institutviladomat.cat\/portfoli\/15marbernet\/2016\/10\/15\/xerrada-meteorologica\/","title":{"rendered":"Xerrada meteorol\u00f3gica"},"content":{"rendered":"<p>Avui, divendres 14 d&#8217;octubre, ha vingut en Joan Carles Penya a fer-nos una xerrada de la meteorolog\u00eda a l&#8217;institut. Ens ha parlat de coses diverses sobre la meteorolog\u00eda, l&#8217;atmosfera, la temperatura, el canvi clim\u00e0tic i moltes m\u00e9s coses. Estavem sentats amb les cadires posades en fila una darrere l&#8217;altre. Era una miqueta inc\u00f3mode per\u00f3 a\u00f1l final t&#8217;acostumaves. L&#8217;ambient era tranquil i no estavem fent molt de soroll. La xerrada ha estat b\u00e9, hem interactuat amb en Joan Carles i hen ho hem passat b\u00e9.<\/p>\n","protected":false},"excerpt":{"rendered":"<p>Avui, divendres 14 d&#8217;octubre, ha vingut en Joan Carles Penya a fer-nos una xerrada de la meteorolog\u00eda a l&#8217;institut. Ens ha parlat de coses diverses sobre la meteorolog\u00eda,&#8230;<\/p>\n","protected":false},"author":19,"featured_media":66,"comment_status":"open","ping_status":"open","sticky":false,"template":"","format":"standard","meta":{"footnotes":""},"categories":[24],"tags":[],"_links":{"self":[{"href":"https:\/\/institutviladomat.cat\/portfoli\/15marbernet\/wp-json\/wp\/v2\/posts\/65"}],"collection":[{"href":"https:\/\/institutviladomat.cat\/portfoli\/15marbernet\/wp-json\/wp\/v2\/posts"}],"about":[{"href":"https:\/\/institutviladomat.cat\/portfoli\/15marbernet\/wp-json\/wp\/v2\/types\/post"}],"author":[{"embeddable":true,"href":"https:\/\/institutviladomat.cat\/portfoli\/15marbernet\/wp-json\/wp\/v2\/users\/19"}],"replies":[{"embeddable":true,"href":"https:\/\/institutviladomat.cat\/portfoli\/15marbernet\/wp-json\/wp\/v2\/comments?post=65"}],"version-history":[{"count":1,"href":"https:\/\/institutviladomat.cat\/portfoli\/15marbernet\/wp-json\/wp\/v2\/posts\/65\/revisions"}],"predecessor-version":[{"id":67,"href":"https:\/\/institutviladomat.cat\/portfoli\/15marbernet\/wp-json\/wp\/v2\/posts\/65\/revisions\/67"}],"wp:featuredmedia":[{"embeddable":true,"href":"https:\/\/institutviladomat.cat\/portfoli\/15marbernet\/wp-json\/wp\/v2\/media\/66"}],"wp:attachment":[{"href":"https:\/\/institutviladomat.cat\/portfoli\/15marbernet\/wp-json\/wp\/v2\/media?parent=65"}],"wp:term":[{"taxonomy":"category","embeddable":true,"href":"https:\/\/institutviladomat.cat\/portfoli\/15marbernet\/wp-json\/wp\/v2\/categories?post=65"},{"taxonomy":"post_tag","embeddable":true,"href":"https:\/\/institutviladomat.cat\/portfoli\/15marbernet\/wp-json\/wp\/v2\/tags?post=65"}],"curies":[{"name":"wp","href":"https:\/\/api.w.org\/{rel}","templated":true}]}}