{"id":650,"date":"2018-06-07T17:13:45","date_gmt":"2018-06-07T17:13:45","guid":{"rendered":"http:\/\/institutviladomat.cat\/portfoli\/15marbernet\/?p=650"},"modified":"2018-06-07T17:13:49","modified_gmt":"2018-06-07T17:13:49","slug":"the-zone-of-hope","status":"publish","type":"post","link":"https:\/\/institutviladomat.cat\/portfoli\/15marbernet\/2018\/06\/07\/the-zone-of-hope\/","title":{"rendered":"The Zone of Hope"},"content":{"rendered":"<p>Amb l&#8217;institut, vam anar a fer l&#8217;experi\u00e8ncia de\u00a0<span class=\"hiddenSpellError\">The<\/span>\u00a0<span class=\"hiddenSpellError\">Zone<\/span>\u00a0<span class=\"hiddenSpellError\">of<\/span>\u00a0<span class=\"hiddenSpellError\">Hope<\/span>. Ens vam dividir en\u00a0els grups\u00a0d&#8217;educaci\u00f3 f\u00edsica i, uns van anar a primera hora i l&#8217;altra part hi vam anar a les 11. Dins d&#8217;aquests grups\u00a0ens vam tornar a dividir en els grups de treball i vam entrar de 4 en 4 a fer\u00a0l&#8217;experi\u00e8ncia.<\/p>\n<p>En entrar, ens van donar unes ordres i\u00a0despr\u00e9s\u00a0ens van vestir amb una motxilla al darrere, que semblava un ordinador, les ulleres de realitat virtual, uns sensors als canells i als turmells. All\u00e0 ens van posar tamb\u00e9 uns auriculars. Vam comen\u00e7ar i va apar\u00e8ixer la\u00a0hist\u00f2ria\u00a0de la Violeta. La Violeta era el fil conductor de tota\u00a0l&#8217;experi\u00e8ncia. Era una noia que era bi\u00f2loga marina i que ens explicava la seva\u00a0hist\u00f2ria\u00a0al voltant del canvi clim\u00e0tic. Vam comen\u00e7ar la\u00a0hist\u00f2ria, i vam passar per un munt anys i veiem com canviava el planeta si seguim amb aquest ritme de contaminaci\u00f3.<\/p>\n<p>Ens vam conscienciar molt i quan vam acabar vam anar a fora, on vam fer una gimcana al voltant de la pla\u00e7a de la Catedral. Tamb\u00e9 vam aprendre moltes coses durant aquesta gimcana.<\/p>\n<p>Aquesta sortida em va agradar molt, per\u00a0l&#8217;experi\u00e8ncia\u00a0i\u00a0pel\u00a0missatge que ens van transmetre.<\/p>\n","protected":false},"excerpt":{"rendered":"<p>Amb l&#8217;institut, vam anar a fer l&#8217;experi\u00e8ncia de\u00a0The\u00a0Zone\u00a0of\u00a0Hope. Ens vam dividir en\u00a0els grups\u00a0d&#8217;educaci\u00f3 f\u00edsica i, uns van anar a primera hora i l&#8217;altra part hi vam anar a&#8230;<\/p>\n","protected":false},"author":19,"featured_media":651,"comment_status":"open","ping_status":"open","sticky":false,"template":"","format":"standard","meta":{"footnotes":""},"categories":[42],"tags":[],"_links":{"self":[{"href":"https:\/\/institutviladomat.cat\/portfoli\/15marbernet\/wp-json\/wp\/v2\/posts\/650"}],"collection":[{"href":"https:\/\/institutviladomat.cat\/portfoli\/15marbernet\/wp-json\/wp\/v2\/posts"}],"about":[{"href":"https:\/\/institutviladomat.cat\/portfoli\/15marbernet\/wp-json\/wp\/v2\/types\/post"}],"author":[{"embeddable":true,"href":"https:\/\/institutviladomat.cat\/portfoli\/15marbernet\/wp-json\/wp\/v2\/users\/19"}],"replies":[{"embeddable":true,"href":"https:\/\/institutviladomat.cat\/portfoli\/15marbernet\/wp-json\/wp\/v2\/comments?post=650"}],"version-history":[{"count":2,"href":"https:\/\/institutviladomat.cat\/portfoli\/15marbernet\/wp-json\/wp\/v2\/posts\/650\/revisions"}],"predecessor-version":[{"id":653,"href":"https:\/\/institutviladomat.cat\/portfoli\/15marbernet\/wp-json\/wp\/v2\/posts\/650\/revisions\/653"}],"wp:featuredmedia":[{"embeddable":true,"href":"https:\/\/institutviladomat.cat\/portfoli\/15marbernet\/wp-json\/wp\/v2\/media\/651"}],"wp:attachment":[{"href":"https:\/\/institutviladomat.cat\/portfoli\/15marbernet\/wp-json\/wp\/v2\/media?parent=650"}],"wp:term":[{"taxonomy":"category","embeddable":true,"href":"https:\/\/institutviladomat.cat\/portfoli\/15marbernet\/wp-json\/wp\/v2\/categories?post=650"},{"taxonomy":"post_tag","embeddable":true,"href":"https:\/\/institutviladomat.cat\/portfoli\/15marbernet\/wp-json\/wp\/v2\/tags?post=650"}],"curies":[{"name":"wp","href":"https:\/\/api.w.org\/{rel}","templated":true}]}}