{"id":668,"date":"2018-10-25T06:07:32","date_gmt":"2018-10-25T06:07:32","guid":{"rendered":"http:\/\/institutviladomat.cat\/portfoli\/15marbernet\/?p=668"},"modified":"2018-10-25T06:07:32","modified_gmt":"2018-10-25T06:07:32","slug":"comencem-un-nou-curs","status":"publish","type":"post","link":"https:\/\/institutviladomat.cat\/portfoli\/15marbernet\/2018\/10\/25\/comencem-un-nou-curs\/","title":{"rendered":"Comencem un nou curs"},"content":{"rendered":"<p>Aquest curs comencem 4rt d&#8217;ESO en l&#8217;institut nou. \u00c9s molt gran i costar\u00e0 adaptar-se als espais per saber que fer. Hi ha moltes aules buides i espais sense material ni taules, per\u00f2 suposo que amb el temps s&#8217;aniran omplint i al final acabar\u00e0 sent un institut de veritat.<\/p>\n<p>La gent que ha entrat nova trobar\u00e0 un institut molt bonic, adaptat per tota mena de gent i molt ampli. A part, les meves expectatives s\u00f3n aquestes;<\/p>\n<p>Les expectatives que tinc de 4rt d&#8217;ESO s\u00f3n positives. Crec que al comen\u00e7ar en un edifici nou fa que les ganes de comen\u00e7ar i aprendre siguin m\u00e9s grans. Costar\u00e0 una mica adaptar-se al nou espai per el tema de saber on s&#8217;ha d&#8217;anar i que s&#8217;ha de fer per\u00f2 intentar\u00e9 posar-hi ganes i fer-ho b\u00e9. Per el tema d&#8217;assignatures; em centrar\u00e9 en aquelles que l&#8217;any passat em van costar una mica, per exemple f\u00edsica i qu\u00edmica o mates. Igualment, he triat l&#8217;itinerari de Margaret Mead, ja que es centra m\u00e9s en les lletres que no en el n\u00fameros. Posar m\u00e9s atenci\u00f3 en les classes, no xerrar tant, escoltar les explicacions i indicacions de professors per despr\u00e8s poder fer la feina b\u00e9 s\u00f3n algunes de les coses que vull millorar i que necessito fer per a poder aprovar. S\u00e9 que aquestes coses contaran molt i encara que sempre em passa el mateix i tinc alguns problemes en el primer trimestre, aquest any intentar\u00e9 que no em passin.<br \/>\nAix\u00ed que aquestes s\u00f3n les meves expectatives, espero complir-les totes i treure un bon resultat al final de curs.<\/p>\n","protected":false},"excerpt":{"rendered":"<p>Aquest curs comencem 4rt d&#8217;ESO en l&#8217;institut nou. \u00c9s molt gran i costar\u00e0 adaptar-se als espais per saber que fer. Hi ha moltes aules buides i espais sense&#8230;<\/p>\n","protected":false},"author":19,"featured_media":686,"comment_status":"open","ping_status":"open","sticky":false,"template":"","format":"standard","meta":{"footnotes":""},"categories":[50,49],"tags":[],"_links":{"self":[{"href":"https:\/\/institutviladomat.cat\/portfoli\/15marbernet\/wp-json\/wp\/v2\/posts\/668"}],"collection":[{"href":"https:\/\/institutviladomat.cat\/portfoli\/15marbernet\/wp-json\/wp\/v2\/posts"}],"about":[{"href":"https:\/\/institutviladomat.cat\/portfoli\/15marbernet\/wp-json\/wp\/v2\/types\/post"}],"author":[{"embeddable":true,"href":"https:\/\/institutviladomat.cat\/portfoli\/15marbernet\/wp-json\/wp\/v2\/users\/19"}],"replies":[{"embeddable":true,"href":"https:\/\/institutviladomat.cat\/portfoli\/15marbernet\/wp-json\/wp\/v2\/comments?post=668"}],"version-history":[{"count":3,"href":"https:\/\/institutviladomat.cat\/portfoli\/15marbernet\/wp-json\/wp\/v2\/posts\/668\/revisions"}],"predecessor-version":[{"id":671,"href":"https:\/\/institutviladomat.cat\/portfoli\/15marbernet\/wp-json\/wp\/v2\/posts\/668\/revisions\/671"}],"wp:featuredmedia":[{"embeddable":true,"href":"https:\/\/institutviladomat.cat\/portfoli\/15marbernet\/wp-json\/wp\/v2\/media\/686"}],"wp:attachment":[{"href":"https:\/\/institutviladomat.cat\/portfoli\/15marbernet\/wp-json\/wp\/v2\/media?parent=668"}],"wp:term":[{"taxonomy":"category","embeddable":true,"href":"https:\/\/institutviladomat.cat\/portfoli\/15marbernet\/wp-json\/wp\/v2\/categories?post=668"},{"taxonomy":"post_tag","embeddable":true,"href":"https:\/\/institutviladomat.cat\/portfoli\/15marbernet\/wp-json\/wp\/v2\/tags?post=668"}],"curies":[{"name":"wp","href":"https:\/\/api.w.org\/{rel}","templated":true}]}}