{"id":694,"date":"2018-11-19T07:48:53","date_gmt":"2018-11-19T07:48:53","guid":{"rendered":"http:\/\/institutviladomat.cat\/portfoli\/15marbernet\/?p=694"},"modified":"2018-11-19T07:51:08","modified_gmt":"2018-11-19T07:51:08","slug":"amour-et-guerre","status":"publish","type":"post","link":"https:\/\/institutviladomat.cat\/portfoli\/15marbernet\/2018\/11\/19\/amour-et-guerre\/","title":{"rendered":"Amour et guerre"},"content":{"rendered":"<p>Amour et guerre \u00e9s un v\u00eddeo que hem hagut de fer a l&#8217;assignatura de socials. Hav\u00edem de plasmar tots els conceptes de la Primera Guerra Mundial, la vida a les trinxeres i el seu dia a dia, la treva de nadal, els fronts, la Batalla de Somme&#8230; En el nostre v\u00eddeo tamb\u00e9 hi hav\u00edem d&#8217;afegir un traveling de la pel\u00b7l\u00edcula de Senderos de Gloria, que tracta sobre les trinxeres.<\/p>\n<p>Vam decidir enfocar el nostre v\u00eddeo amb una hist\u00f2ria, no com un documental. I aix\u00ed vam crear a l&#8217;Andr\u00e9 i la Julie. Tots dos d&#8217;origen franc\u00e8s. L&#8217;Andr\u00e9 ha estat cridat per anar a la primera guerra mundial i, la Julie junt amb la Lola, la seva filla, es queden a casa. En la hist\u00f2ria apareixen tots els temes que he explicat abans i es barregen amb temes m\u00e9s personals.<\/p>\n<p>Abans de comen\u00e7ar a fer el v\u00eddeo, vam fer un document recollint tota la informaci\u00f3 que necessitar\u00edem i d&#8217;all\u00e0 vam fer una tria. Des d&#8217;aquest punt, vam comen\u00e7ar a escriure les cartes que lligarien tota la hist\u00f2ria. Amb dates diferents i \u00e8poques de l&#8217;any que ens permetrien parlar de moltes m\u00e9s coses. Despr\u00e9s vam parlar sobre que sortiria al v\u00eddeo.<\/p>\n<p>Aix\u00ed va quedar Amour et guerre:<\/p>\n<iframe width=\"100%\" height=\"400\" frameborder=\"0\" scrolling=\"https:\/\/drive.google.com\/a\/institutviladomat.cat\/file\/d\/1HKhdvXub28XJdYK2HFlmQXOvPq_fUiQ2\/preview?usp=drivesdk\" src=\"https:\/\/drive.google.com\/a\/institutviladomat.cat\/file\/d\/1HKhdvXub28XJdYK2HFlmQXOvPq_fUiQ2\/preview?usp=drivesdk\"><\/iframe>\n","protected":false},"excerpt":{"rendered":"<p>Amour et guerre \u00e9s un v\u00eddeo que hem hagut de fer a l&#8217;assignatura de socials. Hav\u00edem de plasmar tots els conceptes de la Primera Guerra Mundial, la vida&#8230;<\/p>\n","protected":false},"author":19,"featured_media":700,"comment_status":"open","ping_status":"open","sticky":false,"template":"","format":"standard","meta":{"footnotes":""},"categories":[1],"tags":[],"_links":{"self":[{"href":"https:\/\/institutviladomat.cat\/portfoli\/15marbernet\/wp-json\/wp\/v2\/posts\/694"}],"collection":[{"href":"https:\/\/institutviladomat.cat\/portfoli\/15marbernet\/wp-json\/wp\/v2\/posts"}],"about":[{"href":"https:\/\/institutviladomat.cat\/portfoli\/15marbernet\/wp-json\/wp\/v2\/types\/post"}],"author":[{"embeddable":true,"href":"https:\/\/institutviladomat.cat\/portfoli\/15marbernet\/wp-json\/wp\/v2\/users\/19"}],"replies":[{"embeddable":true,"href":"https:\/\/institutviladomat.cat\/portfoli\/15marbernet\/wp-json\/wp\/v2\/comments?post=694"}],"version-history":[{"count":2,"href":"https:\/\/institutviladomat.cat\/portfoli\/15marbernet\/wp-json\/wp\/v2\/posts\/694\/revisions"}],"predecessor-version":[{"id":699,"href":"https:\/\/institutviladomat.cat\/portfoli\/15marbernet\/wp-json\/wp\/v2\/posts\/694\/revisions\/699"}],"wp:featuredmedia":[{"embeddable":true,"href":"https:\/\/institutviladomat.cat\/portfoli\/15marbernet\/wp-json\/wp\/v2\/media\/700"}],"wp:attachment":[{"href":"https:\/\/institutviladomat.cat\/portfoli\/15marbernet\/wp-json\/wp\/v2\/media?parent=694"}],"wp:term":[{"taxonomy":"category","embeddable":true,"href":"https:\/\/institutviladomat.cat\/portfoli\/15marbernet\/wp-json\/wp\/v2\/categories?post=694"},{"taxonomy":"post_tag","embeddable":true,"href":"https:\/\/institutviladomat.cat\/portfoli\/15marbernet\/wp-json\/wp\/v2\/tags?post=694"}],"curies":[{"name":"wp","href":"https:\/\/api.w.org\/{rel}","templated":true}]}}