{"id":696,"date":"2019-06-03T12:26:52","date_gmt":"2019-06-03T12:26:52","guid":{"rendered":"http:\/\/institutviladomat.cat\/portfoli\/15marbernet\/?p=696"},"modified":"2019-06-03T12:26:52","modified_gmt":"2019-06-03T12:26:52","slug":"festa-de-balls-per-salvar-el-mon","status":"publish","type":"post","link":"https:\/\/institutviladomat.cat\/portfoli\/15marbernet\/2019\/06\/03\/festa-de-balls-per-salvar-el-mon\/","title":{"rendered":"Festa de balls per salvar el m\u00f3n"},"content":{"rendered":"<p>Avui dia 16 de Novembre hem anat al Centre C\u00edvic Urgell per veure l&#8217;obra de teatre Festa de balls per salvar el m\u00f3n.\u00a0Aquesta tractava sobre que un noi i una noia explicaven els esdeveniments catastr\u00f2fics del m\u00f3n, amb can\u00e7ons, com per exemple l\u201911S, el tsunami de l\u2019Oce\u00e0 \u00cdndic, la crisi financera mundial.<\/p>\n<p>Ha estat b\u00e9 comparar les diferents cat\u00e0strofes mundials que hi ha hagut en els \u00faltims anys amb els diferents \u00e8xits musicals que han aparegut. Una hip\u00f2tesi que mai havia tingut en compte i que no havia pensat mai.<\/p>\n<p>Al final, ha estat b\u00e9 perqu\u00e8 era una obra que feia participar al p\u00fablic. Ens han fet ballar i incl\u00fas cantar les can\u00e7ons que presentaven. Ha estat divertit i hem rigut molt.<\/p>\n","protected":false},"excerpt":{"rendered":"<p>Avui dia 16 de Novembre hem anat al Centre C\u00edvic Urgell per veure l&#8217;obra de teatre Festa de balls per salvar el m\u00f3n.\u00a0Aquesta tractava sobre que un noi&#8230;<\/p>\n","protected":false},"author":19,"featured_media":751,"comment_status":"open","ping_status":"open","sticky":false,"template":"","format":"standard","meta":{"footnotes":""},"categories":[1],"tags":[],"_links":{"self":[{"href":"https:\/\/institutviladomat.cat\/portfoli\/15marbernet\/wp-json\/wp\/v2\/posts\/696"}],"collection":[{"href":"https:\/\/institutviladomat.cat\/portfoli\/15marbernet\/wp-json\/wp\/v2\/posts"}],"about":[{"href":"https:\/\/institutviladomat.cat\/portfoli\/15marbernet\/wp-json\/wp\/v2\/types\/post"}],"author":[{"embeddable":true,"href":"https:\/\/institutviladomat.cat\/portfoli\/15marbernet\/wp-json\/wp\/v2\/users\/19"}],"replies":[{"embeddable":true,"href":"https:\/\/institutviladomat.cat\/portfoli\/15marbernet\/wp-json\/wp\/v2\/comments?post=696"}],"version-history":[{"count":1,"href":"https:\/\/institutviladomat.cat\/portfoli\/15marbernet\/wp-json\/wp\/v2\/posts\/696\/revisions"}],"predecessor-version":[{"id":752,"href":"https:\/\/institutviladomat.cat\/portfoli\/15marbernet\/wp-json\/wp\/v2\/posts\/696\/revisions\/752"}],"wp:featuredmedia":[{"embeddable":true,"href":"https:\/\/institutviladomat.cat\/portfoli\/15marbernet\/wp-json\/wp\/v2\/media\/751"}],"wp:attachment":[{"href":"https:\/\/institutviladomat.cat\/portfoli\/15marbernet\/wp-json\/wp\/v2\/media?parent=696"}],"wp:term":[{"taxonomy":"category","embeddable":true,"href":"https:\/\/institutviladomat.cat\/portfoli\/15marbernet\/wp-json\/wp\/v2\/categories?post=696"},{"taxonomy":"post_tag","embeddable":true,"href":"https:\/\/institutviladomat.cat\/portfoli\/15marbernet\/wp-json\/wp\/v2\/tags?post=696"}],"curies":[{"name":"wp","href":"https:\/\/api.w.org\/{rel}","templated":true}]}}