{"id":705,"date":"2019-02-04T08:14:52","date_gmt":"2019-02-04T08:14:52","guid":{"rendered":"http:\/\/institutviladomat.cat\/portfoli\/15marbernet\/?p=705"},"modified":"2019-02-04T08:17:30","modified_gmt":"2019-02-04T08:17:30","slug":"dia-de-la-pau","status":"publish","type":"post","link":"https:\/\/institutviladomat.cat\/portfoli\/15marbernet\/2019\/02\/04\/dia-de-la-pau\/","title":{"rendered":"Dia de la pau"},"content":{"rendered":"\n<p>Per al dia de la pau, els alumnes de 4t vam llegir el document de la Declaraci\u00f3 dels Drets Humans, on cada grup va escollir un article.  Nosaltres vam escollir l&#8217;article 10. Deia que;<\/p>\n\n\n\n<p>\u201cTota persona t\u00e9 dret, en condicions de plena igualtat, a ser escoltada p\u00fablicament i amb just\u00edcia per un tribunal independent i imparcial, per a la determinaci\u00f3 dels seus drets i obligacions o per a l&#8217;examen de qualsevol acusaci\u00f3 contra ella en mat\u00e8ria penal.\u201d<\/p>\n\n\n\n<p>A la presentaci\u00f3 que hav\u00edem de fer, hav\u00edem d&#8217;explicar que significava i si es complia. Com que aquest article diu que la just\u00edcia ha de tenir el poder, vam pensar que a Catalunya, en particular, aquest article no s&#8217;ha complert. Pensem que en el conflicte que hi ha a Catalunya i la just\u00edcia que s&#8217;ha aplicat no \u00e9s justa. La pol\u00edtica d&#8217;espanya i la just\u00edcia van molt juntes, quan en realitat no hauria de ser aix\u00ed. <\/p>\n\n\n\n<p>Us deixo la presentaci\u00f3 que vam fer;<\/p>\n\n\n\n<p class=\"wp-block-gdm-google-drive-embedder-viewer\"><iframe width=\"100%\" height=\"400\" frameborder=\"0\" scrolling=\"https:\/\/docs.google.com\/presentation\/d\/1F7gtbGgfJhOIpqGowbhZIaEEQIoJLxCs7ppvc-iN5c8\/preview?usp=drivesdk\" src=\"https:\/\/docs.google.com\/presentation\/d\/1F7gtbGgfJhOIpqGowbhZIaEEQIoJLxCs7ppvc-iN5c8\/preview?usp=drivesdk\"><\/iframe><\/p>\n","protected":false},"excerpt":{"rendered":"<p>Per al dia de la pau, els alumnes de 4t vam llegir el document de la Declaraci\u00f3 dels Drets Humans, on cada grup va escollir un article. Nosaltres&#8230;<\/p>\n","protected":false},"author":19,"featured_media":706,"comment_status":"open","ping_status":"open","sticky":false,"template":"","format":"standard","meta":{"footnotes":""},"categories":[1],"tags":[],"_links":{"self":[{"href":"https:\/\/institutviladomat.cat\/portfoli\/15marbernet\/wp-json\/wp\/v2\/posts\/705"}],"collection":[{"href":"https:\/\/institutviladomat.cat\/portfoli\/15marbernet\/wp-json\/wp\/v2\/posts"}],"about":[{"href":"https:\/\/institutviladomat.cat\/portfoli\/15marbernet\/wp-json\/wp\/v2\/types\/post"}],"author":[{"embeddable":true,"href":"https:\/\/institutviladomat.cat\/portfoli\/15marbernet\/wp-json\/wp\/v2\/users\/19"}],"replies":[{"embeddable":true,"href":"https:\/\/institutviladomat.cat\/portfoli\/15marbernet\/wp-json\/wp\/v2\/comments?post=705"}],"version-history":[{"count":4,"href":"https:\/\/institutviladomat.cat\/portfoli\/15marbernet\/wp-json\/wp\/v2\/posts\/705\/revisions"}],"predecessor-version":[{"id":710,"href":"https:\/\/institutviladomat.cat\/portfoli\/15marbernet\/wp-json\/wp\/v2\/posts\/705\/revisions\/710"}],"wp:featuredmedia":[{"embeddable":true,"href":"https:\/\/institutviladomat.cat\/portfoli\/15marbernet\/wp-json\/wp\/v2\/media\/706"}],"wp:attachment":[{"href":"https:\/\/institutviladomat.cat\/portfoli\/15marbernet\/wp-json\/wp\/v2\/media?parent=705"}],"wp:term":[{"taxonomy":"category","embeddable":true,"href":"https:\/\/institutviladomat.cat\/portfoli\/15marbernet\/wp-json\/wp\/v2\/categories?post=705"},{"taxonomy":"post_tag","embeddable":true,"href":"https:\/\/institutviladomat.cat\/portfoli\/15marbernet\/wp-json\/wp\/v2\/tags?post=705"}],"curies":[{"name":"wp","href":"https:\/\/api.w.org\/{rel}","templated":true}]}}