{"id":714,"date":"2019-02-28T07:53:58","date_gmt":"2019-02-28T07:53:58","guid":{"rendered":"http:\/\/institutviladomat.cat\/portfoli\/15marbernet\/?p=714"},"modified":"2019-02-28T07:59:32","modified_gmt":"2019-02-28T07:59:32","slug":"la-descolonitzacio","status":"publish","type":"post","link":"https:\/\/institutviladomat.cat\/portfoli\/15marbernet\/2019\/02\/28\/la-descolonitzacio\/","title":{"rendered":"La descolonitzaci\u00f3"},"content":{"rendered":"\n<p>A la classe de socials, ens van fer triar entre 5 imatges diferents, i el nostre grup format per la Valen, l&#8217;Hugo, el Biel i la Mar, vam escollir el mapa de la descolonitzaci\u00f3. La imatge era aquesta;<\/p>\n\n\n\n<figure class=\"wp-block-image\"><img decoding=\"async\" loading=\"lazy\" width=\"345\" height=\"471\" src=\"http:\/\/institutviladomat.cat\/portfoli\/15marbernet\/wp-content\/uploads\/sites\/17\/2019\/02\/Screenshot-2019-02-28-at-08.50.53.png\" alt=\"\" class=\"wp-image-715\" srcset=\"https:\/\/institutviladomat.cat\/portfoli\/15marbernet\/wp-content\/uploads\/sites\/17\/2019\/02\/Screenshot-2019-02-28-at-08.50.53.png 345w, https:\/\/institutviladomat.cat\/portfoli\/15marbernet\/wp-content\/uploads\/sites\/17\/2019\/02\/Screenshot-2019-02-28-at-08.50.53-220x300.png 220w\" sizes=\"(max-width: 345px) 100vw, 345px\" \/><\/figure>\n\n\n\n<p class=\"wp-block-gdm-google-drive-embedder-viewer\"><\/p>\n\n\n\n<p>La vam escollir perqu\u00e8 vam veure algunes figures conegudes com Gandhi i tamb\u00e9 ens va cridar l&#8217;atenci\u00f3 el signe revolucionari de lluita. <\/p>\n\n\n\n<p>Vam pensar orientar el tema explicant primer l&#8217;origen de les col\u00f2nies i la causa de la descolonitzaci\u00f3. Vam pensar que era molt dif\u00edcil explicar-ho tot junt i vam decidir dividir-nos en dos grups. Un grup fent \u00c0frica i l&#8217;altra \u00c0sia. Aix\u00ed seria m\u00e9s f\u00e0cil explicar-ho. A partir d&#8217;aqu\u00ed tamb\u00e9 vam pensar temes que pod\u00edem tractar, preguntes que ens vam fer. Ens vam preguntar perqu\u00e8 es descolonitzen? Despr\u00e9s tamb\u00e9 vam pensar en les conseq\u00fc\u00e8ncies que hi ha, i la conclusi\u00f3. <\/p>\n","protected":false},"excerpt":{"rendered":"<p>A la classe de socials, ens van fer triar entre 5 imatges diferents, i el nostre grup format per la Valen, l&#8217;Hugo, el Biel i la Mar, vam&#8230;<\/p>\n","protected":false},"author":19,"featured_media":719,"comment_status":"open","ping_status":"open","sticky":false,"template":"","format":"standard","meta":{"footnotes":""},"categories":[1],"tags":[],"_links":{"self":[{"href":"https:\/\/institutviladomat.cat\/portfoli\/15marbernet\/wp-json\/wp\/v2\/posts\/714"}],"collection":[{"href":"https:\/\/institutviladomat.cat\/portfoli\/15marbernet\/wp-json\/wp\/v2\/posts"}],"about":[{"href":"https:\/\/institutviladomat.cat\/portfoli\/15marbernet\/wp-json\/wp\/v2\/types\/post"}],"author":[{"embeddable":true,"href":"https:\/\/institutviladomat.cat\/portfoli\/15marbernet\/wp-json\/wp\/v2\/users\/19"}],"replies":[{"embeddable":true,"href":"https:\/\/institutviladomat.cat\/portfoli\/15marbernet\/wp-json\/wp\/v2\/comments?post=714"}],"version-history":[{"count":1,"href":"https:\/\/institutviladomat.cat\/portfoli\/15marbernet\/wp-json\/wp\/v2\/posts\/714\/revisions"}],"predecessor-version":[{"id":716,"href":"https:\/\/institutviladomat.cat\/portfoli\/15marbernet\/wp-json\/wp\/v2\/posts\/714\/revisions\/716"}],"wp:featuredmedia":[{"embeddable":true,"href":"https:\/\/institutviladomat.cat\/portfoli\/15marbernet\/wp-json\/wp\/v2\/media\/719"}],"wp:attachment":[{"href":"https:\/\/institutviladomat.cat\/portfoli\/15marbernet\/wp-json\/wp\/v2\/media?parent=714"}],"wp:term":[{"taxonomy":"category","embeddable":true,"href":"https:\/\/institutviladomat.cat\/portfoli\/15marbernet\/wp-json\/wp\/v2\/categories?post=714"},{"taxonomy":"post_tag","embeddable":true,"href":"https:\/\/institutviladomat.cat\/portfoli\/15marbernet\/wp-json\/wp\/v2\/tags?post=714"}],"curies":[{"name":"wp","href":"https:\/\/api.w.org\/{rel}","templated":true}]}}