{"id":726,"date":"2019-03-24T19:31:21","date_gmt":"2019-03-24T19:31:21","guid":{"rendered":"http:\/\/institutviladomat.cat\/portfoli\/15marbernet\/?p=726"},"modified":"2019-03-24T19:32:23","modified_gmt":"2019-03-24T19:32:23","slug":"pride","status":"publish","type":"post","link":"https:\/\/institutviladomat.cat\/portfoli\/15marbernet\/2019\/03\/24\/pride\/","title":{"rendered":"Pride"},"content":{"rendered":"\n<p>Avui 22 de mar\u00e7 hem vist una pel\u00b7l\u00edcula que es diu Pride. Despr\u00e9s de veure-la tots junts a la sala Neus Catal\u00e0, ens hem distribu\u00eft per classes i hem fet una petita reflexi\u00f3. Tamb\u00e9 hem intentat trobar una relaci\u00f3 entre la pel\u00b7l\u00edcula i la situaci\u00f3 que tanc\u00e0vem. <\/p>\n\n\n\n<p>El que penso que relaciona aquesta pel\u00b7l\u00edcula amb la situaci\u00f3 \u00e9s que cap moviment (sigui social o d&#8217;algun altre tipus), no es pot dur a terme en solitari. S&#8217;ha de formar un grup per a poder revolucionar i canviar les coses. <\/p>\n\n\n\n<p>A part d&#8217;aquesta relaci\u00f3; la pel\u00b7l\u00edcula tractava el tema de l&#8217;homosexualitat, la qual estava molt mal vista i molt criticada. Els nois i noies protagonistes de la peli s&#8217;ajuntaven amb un altre col\u00b7lectiu per a poder canviar les coses, i aix\u00f2 demostra que potser encara que siguin un grup nombr\u00f3s, cal m\u00e9s gent per a canviar les coses. <\/p>\n","protected":false},"excerpt":{"rendered":"<p>Avui 22 de mar\u00e7 hem vist una pel\u00b7l\u00edcula que es diu Pride. Despr\u00e9s de veure-la tots junts a la sala Neus Catal\u00e0, ens hem distribu\u00eft per classes i&#8230;<\/p>\n","protected":false},"author":19,"featured_media":729,"comment_status":"open","ping_status":"open","sticky":false,"template":"","format":"standard","meta":{"footnotes":""},"categories":[1],"tags":[],"_links":{"self":[{"href":"https:\/\/institutviladomat.cat\/portfoli\/15marbernet\/wp-json\/wp\/v2\/posts\/726"}],"collection":[{"href":"https:\/\/institutviladomat.cat\/portfoli\/15marbernet\/wp-json\/wp\/v2\/posts"}],"about":[{"href":"https:\/\/institutviladomat.cat\/portfoli\/15marbernet\/wp-json\/wp\/v2\/types\/post"}],"author":[{"embeddable":true,"href":"https:\/\/institutviladomat.cat\/portfoli\/15marbernet\/wp-json\/wp\/v2\/users\/19"}],"replies":[{"embeddable":true,"href":"https:\/\/institutviladomat.cat\/portfoli\/15marbernet\/wp-json\/wp\/v2\/comments?post=726"}],"version-history":[{"count":3,"href":"https:\/\/institutviladomat.cat\/portfoli\/15marbernet\/wp-json\/wp\/v2\/posts\/726\/revisions"}],"predecessor-version":[{"id":730,"href":"https:\/\/institutviladomat.cat\/portfoli\/15marbernet\/wp-json\/wp\/v2\/posts\/726\/revisions\/730"}],"wp:featuredmedia":[{"embeddable":true,"href":"https:\/\/institutviladomat.cat\/portfoli\/15marbernet\/wp-json\/wp\/v2\/media\/729"}],"wp:attachment":[{"href":"https:\/\/institutviladomat.cat\/portfoli\/15marbernet\/wp-json\/wp\/v2\/media?parent=726"}],"wp:term":[{"taxonomy":"category","embeddable":true,"href":"https:\/\/institutviladomat.cat\/portfoli\/15marbernet\/wp-json\/wp\/v2\/categories?post=726"},{"taxonomy":"post_tag","embeddable":true,"href":"https:\/\/institutviladomat.cat\/portfoli\/15marbernet\/wp-json\/wp\/v2\/tags?post=726"}],"curies":[{"name":"wp","href":"https:\/\/api.w.org\/{rel}","templated":true}]}}