{"id":731,"date":"2019-03-24T20:15:43","date_gmt":"2019-03-24T20:15:43","guid":{"rendered":"http:\/\/institutviladomat.cat\/portfoli\/15marbernet\/?p=731"},"modified":"2019-03-24T20:15:43","modified_gmt":"2019-03-24T20:15:43","slug":"concha-mendez","status":"publish","type":"post","link":"https:\/\/institutviladomat.cat\/portfoli\/15marbernet\/2019\/03\/24\/concha-mendez\/","title":{"rendered":"Concha Mendez"},"content":{"rendered":"\n<p>Durante la situaci\u00f3n 404, en castellano hemos estado trabajando las mujeres de la generaci\u00f3n del 27. A nuestro grupo nos toc\u00f3 Concha Mendez. El objetivo era que toda la clase y todo el instituto conociera a las mujeres de las que no se habla. <\/p>\n\n\n\n<p>Naci\u00f3 el 27 de julio del 1898 y muri\u00f3 el 7 de diciembre de 1986 en M\u00e9xico. Fue una escritora espa\u00f1ola que form\u00f3 parte de la generaci\u00f3n del 27, y que m\u00e1s adelante se empez\u00f3 a considerar miembro de Las Sinsombrero. Las sinsombrero eran un grupo de mujeres artistas nacidas entre 1898 y 1914. La principal caracter\u00edstica de este grupo era que ten\u00edan un pensamiento rompedor, moderno y transformador que pretend\u00eda romper las reglas. Este nombre, viene porqu\u00e9 ella fue una de las tres mujeres que se quit\u00f3 el sobrero en la puerta del sol, ya que en aquella \u00e9poca quitarse el sobrero era un s\u00edmbolo de mala educaci\u00f3n o de revoluci\u00f3n. <\/p>\n\n\n\n<p>Ten\u00edamos que hacer una presentaci\u00f3n enfrente los de nuestra clase explicando qui\u00e9n era la mujer que nos toc\u00f3. Luego, ten\u00edamos que pensar un m\u00e9todo para que todo el instituto la conociera. Cada grupo pens\u00f3 una idea. En nuestro grupo decidimos pintar en los cristales de las diferentes aulas frases y datos importantes de Concha Mendez. Lo llevamos a cabo pero algunos ni\u00f1os lo borraron. Tuvimos que pensar otra forma de hacerlo e imprimimos una foto y los datos que \u00edbamos a escribir para colgarlos en las clases nuevamente. Esta segunda opci\u00f3n si que sali\u00f3 bien y m\u00e1s o menos el instituto sab\u00eda qui\u00e9n era Concha Mendez. <br><\/p>\n","protected":false},"excerpt":{"rendered":"<p>Durante la situaci\u00f3n 404, en castellano hemos estado trabajando las mujeres de la generaci\u00f3n del 27. A nuestro grupo nos toc\u00f3 Concha Mendez. El objetivo era que toda&#8230;<\/p>\n","protected":false},"author":19,"featured_media":733,"comment_status":"open","ping_status":"open","sticky":false,"template":"","format":"standard","meta":{"footnotes":""},"categories":[1],"tags":[],"_links":{"self":[{"href":"https:\/\/institutviladomat.cat\/portfoli\/15marbernet\/wp-json\/wp\/v2\/posts\/731"}],"collection":[{"href":"https:\/\/institutviladomat.cat\/portfoli\/15marbernet\/wp-json\/wp\/v2\/posts"}],"about":[{"href":"https:\/\/institutviladomat.cat\/portfoli\/15marbernet\/wp-json\/wp\/v2\/types\/post"}],"author":[{"embeddable":true,"href":"https:\/\/institutviladomat.cat\/portfoli\/15marbernet\/wp-json\/wp\/v2\/users\/19"}],"replies":[{"embeddable":true,"href":"https:\/\/institutviladomat.cat\/portfoli\/15marbernet\/wp-json\/wp\/v2\/comments?post=731"}],"version-history":[{"count":2,"href":"https:\/\/institutviladomat.cat\/portfoli\/15marbernet\/wp-json\/wp\/v2\/posts\/731\/revisions"}],"predecessor-version":[{"id":734,"href":"https:\/\/institutviladomat.cat\/portfoli\/15marbernet\/wp-json\/wp\/v2\/posts\/731\/revisions\/734"}],"wp:featuredmedia":[{"embeddable":true,"href":"https:\/\/institutviladomat.cat\/portfoli\/15marbernet\/wp-json\/wp\/v2\/media\/733"}],"wp:attachment":[{"href":"https:\/\/institutviladomat.cat\/portfoli\/15marbernet\/wp-json\/wp\/v2\/media?parent=731"}],"wp:term":[{"taxonomy":"category","embeddable":true,"href":"https:\/\/institutviladomat.cat\/portfoli\/15marbernet\/wp-json\/wp\/v2\/categories?post=731"},{"taxonomy":"post_tag","embeddable":true,"href":"https:\/\/institutviladomat.cat\/portfoli\/15marbernet\/wp-json\/wp\/v2\/tags?post=731"}],"curies":[{"name":"wp","href":"https:\/\/api.w.org\/{rel}","templated":true}]}}