{"id":134,"date":"2017-01-22T19:06:30","date_gmt":"2017-01-22T19:06:30","guid":{"rendered":"http:\/\/institutviladomat.cat\/portfoli\/15miquelpuertolas\/?p=134"},"modified":"2017-01-22T19:06:30","modified_gmt":"2017-01-22T19:06:30","slug":"meteo-premsa","status":"publish","type":"post","link":"https:\/\/institutviladomat.cat\/portfoli\/15miquelpuertolas\/2017\/01\/22\/meteo-premsa\/","title":{"rendered":"Meteo Premsa"},"content":{"rendered":"<p>&nbsp;<\/p>\n<table style=\"height: 688px\" width=\"495\">\n<tbody>\n<tr>\n<td>\n<p style=\"text-align: left\"><b>POBLACI\u00d3<\/b><\/p>\n<\/td>\n<td style=\"text-align: left\"><b>MES + C\u00c0LID<\/b><\/td>\n<td style=\"text-align: left\"><b>MES + FRED<\/b><\/td>\n<\/tr>\n<tr>\n<td><span style=\"font-weight: 400\">Castell\u00f3 d&#8217;Emp\u00faries<\/span><\/td>\n<td><span style=\"font-weight: 400\">24,6 (JULIOL)<\/span><\/td>\n<td><span style=\"font-weight: 400\">7,7 (FEBRER)<\/span><\/td>\n<\/tr>\n<tr>\n<td><span style=\"font-weight: 400\">Bo\u00ed (2.535 m)<\/span><\/td>\n<td><span style=\"font-weight: 400\">13,1 (JULIOL)<\/span><\/td>\n<td><span style=\"font-weight: 400\">-7,5 (FEBRER)<\/span><\/td>\n<\/tr>\n<tr>\n<td><span style=\"font-weight: 400\">Sant Salvador de Guardiola<\/span><\/td>\n<td><span style=\"font-weight: 400\">26,1 (JULIOL)<\/span><\/td>\n<td><span style=\"font-weight: 400\">3,4 (GENER)<\/span><\/td>\n<\/tr>\n<tr>\n<td><span style=\"font-weight: 400\">Barcelona &#8211; el Raval<\/span><\/td>\n<td><span style=\"font-weight: 400\">27,3 (JULIOL)<\/span><\/td>\n<td><span style=\"font-weight: 400\">10,5 (FEBRER)<\/span><\/td>\n<\/tr>\n<tr>\n<td><span style=\"font-weight: 400\">la Pobla de Segur<\/span><\/td>\n<td><span style=\"font-weight: 400\">26,5 (JULIOL)<\/span><\/td>\n<td><span style=\"font-weight: 400\">1,7 (GENER)<\/span><\/td>\n<\/tr>\n<tr>\n<td><span style=\"font-weight: 400\">Torredembarra <\/span><\/td>\n<td><span style=\"font-weight: 400\">26,9 (JULIOL)<\/span><\/td>\n<td><span style=\"font-weight: 400\">9,3 (FEBRER)<\/span><\/td>\n<\/tr>\n<tr>\n<td><span style=\"font-weight: 400\"> Sant Mart\u00ed de Riucorb <\/span><\/td>\n<td><span style=\"font-weight: 400\">26,2 (JULIOL)<\/span><\/td>\n<td><span style=\"font-weight: 400\">4,0 \u00a0(GENER)<\/span><\/td>\n<\/tr>\n<tr>\n<td><span style=\"font-weight: 400\">Vielha<\/span><\/td>\n<td><span style=\"font-weight: 400\">19,6 (JULIOL)<\/span><\/td>\n<td><span style=\"font-weight: 400\">0,0 \u00a0(GENER)<\/span><\/td>\n<\/tr>\n<tr>\n<td><span style=\"font-weight: 400\">Sant Lloren\u00e7 Savall <\/span><\/td>\n<td><span style=\"font-weight: 400\">23,8 \u00a0(JULIOL)<\/span><\/td>\n<td><span style=\"font-weight: 400\">4,6 (FEBRER)<\/span><\/td>\n<\/tr>\n<tr>\n<td style=\"text-align: left\"><span style=\"font-weight: 400\">la Vall d&#8217;en Bas<\/span><\/td>\n<td style=\"text-align: left\"><span style=\"font-weight: 400\">23,6 (JULIOL)<\/span><\/td>\n<td>\n<p style=\"text-align: left\"><span style=\"font-weight: 400\">4,5 (GENER i FEBRER)<\/span><\/p>\n<\/td>\n<\/tr>\n<\/tbody>\n<\/table>\n","protected":false},"excerpt":{"rendered":"<p>&nbsp; POBLACI\u00d3 MES + C\u00c0LID MES + FRED Castell\u00f3 d&#8217;Emp\u00faries 24,6 (JULIOL) 7,7 (FEBRER) Bo\u00ed (2.535 m) 13,1 (JULIOL) -7,5 (FEBRER) Sant Salvador de Guardiola 26,1 (JULIOL) 3,4&#8230;<\/p>\n","protected":false},"author":64,"featured_media":135,"comment_status":"closed","ping_status":"open","sticky":false,"template":"","format":"standard","meta":{"footnotes":""},"categories":[1],"tags":[],"_links":{"self":[{"href":"https:\/\/institutviladomat.cat\/portfoli\/15miquelpuertolas\/wp-json\/wp\/v2\/posts\/134"}],"collection":[{"href":"https:\/\/institutviladomat.cat\/portfoli\/15miquelpuertolas\/wp-json\/wp\/v2\/posts"}],"about":[{"href":"https:\/\/institutviladomat.cat\/portfoli\/15miquelpuertolas\/wp-json\/wp\/v2\/types\/post"}],"author":[{"embeddable":true,"href":"https:\/\/institutviladomat.cat\/portfoli\/15miquelpuertolas\/wp-json\/wp\/v2\/users\/64"}],"replies":[{"embeddable":true,"href":"https:\/\/institutviladomat.cat\/portfoli\/15miquelpuertolas\/wp-json\/wp\/v2\/comments?post=134"}],"version-history":[{"count":1,"href":"https:\/\/institutviladomat.cat\/portfoli\/15miquelpuertolas\/wp-json\/wp\/v2\/posts\/134\/revisions"}],"predecessor-version":[{"id":136,"href":"https:\/\/institutviladomat.cat\/portfoli\/15miquelpuertolas\/wp-json\/wp\/v2\/posts\/134\/revisions\/136"}],"wp:featuredmedia":[{"embeddable":true,"href":"https:\/\/institutviladomat.cat\/portfoli\/15miquelpuertolas\/wp-json\/wp\/v2\/media\/135"}],"wp:attachment":[{"href":"https:\/\/institutviladomat.cat\/portfoli\/15miquelpuertolas\/wp-json\/wp\/v2\/media?parent=134"}],"wp:term":[{"taxonomy":"category","embeddable":true,"href":"https:\/\/institutviladomat.cat\/portfoli\/15miquelpuertolas\/wp-json\/wp\/v2\/categories?post=134"},{"taxonomy":"post_tag","embeddable":true,"href":"https:\/\/institutviladomat.cat\/portfoli\/15miquelpuertolas\/wp-json\/wp\/v2\/tags?post=134"}],"curies":[{"name":"wp","href":"https:\/\/api.w.org\/{rel}","templated":true}]}}