{"id":289,"date":"2018-03-09T19:43:09","date_gmt":"2018-03-09T19:43:09","guid":{"rendered":"http:\/\/institutviladomat.cat\/portfoli\/15miquelpuertolas\/?p=289"},"modified":"2018-03-12T20:23:21","modified_gmt":"2018-03-12T20:23:21","slug":"nikola-tesla","status":"publish","type":"post","link":"https:\/\/institutviladomat.cat\/portfoli\/15miquelpuertolas\/2018\/03\/09\/nikola-tesla\/","title":{"rendered":"Nikola Tesla"},"content":{"rendered":"<p>Nikola Tesla (Smiljan, Imperi Austr\u00edac, actual Cro\u00e0cia, 10 de juliol de 1856 &#8211; Ciutat de Nova York, 7 de gener de 1943) va ser un enginyer el\u00e8ctric serbo-estatunidenc.<\/p>\n<p>Nascut el 10 de juliol de 1856 a Smiljan, a la Krajina austrohongaresa (actual Cro\u00e0cia), es va educar a Graz, on va estudiar enginyeria el\u00e8ctrica. L&#8217;any 1881 es trasllad\u00e0 a Budapest per treballar en una companyia de tel\u00e8grafs nord-americana. L&#8217;any seg\u00fcent es mud\u00e0 a Par\u00eds per treballar en una de les companyies d&#8217;Edison, on va realitzar la seva major aportaci\u00f3: la teoria del corrent altern en electricitat, la qual cosa li va permetre idear el primer motor d&#8217;inducci\u00f3 el 1882.<\/p>\n<p><img decoding=\"async\" loading=\"lazy\" class=\"alignnone size-medium wp-image-293\" src=\"http:\/\/institutviladomat.cat\/portfoli\/15miquelpuertolas\/wp-content\/uploads\/sites\/62\/2018\/03\/nikola-tesla-genio-extraordinario-portada-300x169.jpg\" alt=\"\" width=\"300\" height=\"169\" srcset=\"https:\/\/institutviladomat.cat\/portfoli\/15miquelpuertolas\/wp-content\/uploads\/sites\/62\/2018\/03\/nikola-tesla-genio-extraordinario-portada-300x169.jpg 300w, https:\/\/institutviladomat.cat\/portfoli\/15miquelpuertolas\/wp-content\/uploads\/sites\/62\/2018\/03\/nikola-tesla-genio-extraordinario-portada-768x432.jpg 768w, https:\/\/institutviladomat.cat\/portfoli\/15miquelpuertolas\/wp-content\/uploads\/sites\/62\/2018\/03\/nikola-tesla-genio-extraordinario-portada-1024x576.jpg 1024w, https:\/\/institutviladomat.cat\/portfoli\/15miquelpuertolas\/wp-content\/uploads\/sites\/62\/2018\/03\/nikola-tesla-genio-extraordinario-portada-973x547.jpg 973w, https:\/\/institutviladomat.cat\/portfoli\/15miquelpuertolas\/wp-content\/uploads\/sites\/62\/2018\/03\/nikola-tesla-genio-extraordinario-portada-508x286.jpg 508w, https:\/\/institutviladomat.cat\/portfoli\/15miquelpuertolas\/wp-content\/uploads\/sites\/62\/2018\/03\/nikola-tesla-genio-extraordinario-portada.jpg 1280w\" sizes=\"(max-width: 300px) 100vw, 300px\" \/><\/p>\n<p><em>Imatge de Tesla fent els seus experiments extreta de\u00a0<a href=\"http:\/\/codigooculto.com\/2017\/10\/nikola-tesla-la-misteriosa-existencia-de-un-genio\/#axzz59ZLZtO4A\" target=\"_blank\" rel=\"noopener\">http:\/\/codigooculto.com\/2017\/10\/nikola-tesla-la-misteriosa-existencia-de-un-genio\/#axzz59ZLZtO4A<\/a><\/em><\/p>\n<p>&nbsp;<\/p>\n<p>Malgrat els contratemps professionals i socials a qu\u00e8 va haver de fer front al llarg de tota la seva vida, Nikola Tesla no va deixar que res l&#8217;imped\u00eds de continuar investigant i, d&#8217;aquesta manera, va fer de la seva virtut un treball. Tot i que no tenia els diners ni la fama com a rerefons de les seves troballes, aquella li va arribar despr\u00e9s de registrar entre 700 i 800 patents amb el seu nom, entre les quals hi havia la r\u00e0dio. Aix\u00ed doncs, finalment va ser reconegut com un dels m\u00e9s prol\u00edfics inventors del segle XIX-XX, de tal manera que, el 1915, el seu esfor\u00e7 es va veure recompensat amb el premi Nobel de F\u00edsica, encara que el va haver de compartir amb Edison, un altre gran inventor coetani de Tesla i amb el qual va tenir algun o altre frec a frec. Molts creuen que Tesla no va arribar a acceptar aquest reconeixement, ni els $20.000 que aquest proporcionava, i d&#8217;altres que finalment no fou el llorejat. En tot cas, per culpa dels seus principis va viure els darrers anys de la seva vida en una pobresa considerable.<\/p>\n","protected":false},"excerpt":{"rendered":"<p>Nikola Tesla (Smiljan, Imperi Austr\u00edac, actual Cro\u00e0cia, 10 de juliol de 1856 &#8211; Ciutat de Nova York, 7 de gener de 1943) va ser un enginyer el\u00e8ctric serbo-estatunidenc&#8230;.<\/p>\n","protected":false},"author":64,"featured_media":291,"comment_status":"open","ping_status":"open","sticky":false,"template":"","format":"standard","meta":{"footnotes":""},"categories":[1],"tags":[],"_links":{"self":[{"href":"https:\/\/institutviladomat.cat\/portfoli\/15miquelpuertolas\/wp-json\/wp\/v2\/posts\/289"}],"collection":[{"href":"https:\/\/institutviladomat.cat\/portfoli\/15miquelpuertolas\/wp-json\/wp\/v2\/posts"}],"about":[{"href":"https:\/\/institutviladomat.cat\/portfoli\/15miquelpuertolas\/wp-json\/wp\/v2\/types\/post"}],"author":[{"embeddable":true,"href":"https:\/\/institutviladomat.cat\/portfoli\/15miquelpuertolas\/wp-json\/wp\/v2\/users\/64"}],"replies":[{"embeddable":true,"href":"https:\/\/institutviladomat.cat\/portfoli\/15miquelpuertolas\/wp-json\/wp\/v2\/comments?post=289"}],"version-history":[{"count":3,"href":"https:\/\/institutviladomat.cat\/portfoli\/15miquelpuertolas\/wp-json\/wp\/v2\/posts\/289\/revisions"}],"predecessor-version":[{"id":294,"href":"https:\/\/institutviladomat.cat\/portfoli\/15miquelpuertolas\/wp-json\/wp\/v2\/posts\/289\/revisions\/294"}],"wp:featuredmedia":[{"embeddable":true,"href":"https:\/\/institutviladomat.cat\/portfoli\/15miquelpuertolas\/wp-json\/wp\/v2\/media\/291"}],"wp:attachment":[{"href":"https:\/\/institutviladomat.cat\/portfoli\/15miquelpuertolas\/wp-json\/wp\/v2\/media?parent=289"}],"wp:term":[{"taxonomy":"category","embeddable":true,"href":"https:\/\/institutviladomat.cat\/portfoli\/15miquelpuertolas\/wp-json\/wp\/v2\/categories?post=289"},{"taxonomy":"post_tag","embeddable":true,"href":"https:\/\/institutviladomat.cat\/portfoli\/15miquelpuertolas\/wp-json\/wp\/v2\/tags?post=289"}],"curies":[{"name":"wp","href":"https:\/\/api.w.org\/{rel}","templated":true}]}}