{"id":356,"date":"2019-04-17T09:44:59","date_gmt":"2019-04-17T09:44:59","guid":{"rendered":"http:\/\/institutviladomat.cat\/portfoli\/15miquelpuertolas\/?p=356"},"modified":"2019-04-17T09:53:32","modified_gmt":"2019-04-17T09:53:32","slug":"visita-a-la-model","status":"publish","type":"post","link":"https:\/\/institutviladomat.cat\/portfoli\/15miquelpuertolas\/2019\/04\/17\/visita-a-la-model\/","title":{"rendered":"Visita a la model"},"content":{"rendered":"\n<p>A l&#8217;institut vam fer una visita a l&#8217;antiga pres\u00f3 de la model, ja clausurada des del juny del 2017, i que actualment permet visites. Tamb\u00e9 fan exposicions fotogr\u00e0fiques, i vam anar a veure una titulada &#8220;Les preses de Franco&#8221;<\/p>\n\n\n\n<p>Va ser una visita molt entretinguda, perqu\u00e8 ens vam concentrar m\u00e9s en parlar sobre les dones que estaven a la pres\u00f3, m\u00e9s espec\u00edficament les que van entrar o estar durant el r\u00e9gim franquista. <\/p>\n","protected":false},"excerpt":{"rendered":"<p>A l&#8217;institut vam fer una visita a l&#8217;antiga pres\u00f3 de la model, ja clausurada des del juny del 2017, i que actualment permet visites. Tamb\u00e9 fan exposicions fotogr\u00e0fiques,&#8230;<\/p>\n","protected":false},"author":64,"featured_media":357,"comment_status":"open","ping_status":"open","sticky":false,"template":"","format":"standard","meta":{"footnotes":""},"categories":[1],"tags":[],"_links":{"self":[{"href":"https:\/\/institutviladomat.cat\/portfoli\/15miquelpuertolas\/wp-json\/wp\/v2\/posts\/356"}],"collection":[{"href":"https:\/\/institutviladomat.cat\/portfoli\/15miquelpuertolas\/wp-json\/wp\/v2\/posts"}],"about":[{"href":"https:\/\/institutviladomat.cat\/portfoli\/15miquelpuertolas\/wp-json\/wp\/v2\/types\/post"}],"author":[{"embeddable":true,"href":"https:\/\/institutviladomat.cat\/portfoli\/15miquelpuertolas\/wp-json\/wp\/v2\/users\/64"}],"replies":[{"embeddable":true,"href":"https:\/\/institutviladomat.cat\/portfoli\/15miquelpuertolas\/wp-json\/wp\/v2\/comments?post=356"}],"version-history":[{"count":3,"href":"https:\/\/institutviladomat.cat\/portfoli\/15miquelpuertolas\/wp-json\/wp\/v2\/posts\/356\/revisions"}],"predecessor-version":[{"id":360,"href":"https:\/\/institutviladomat.cat\/portfoli\/15miquelpuertolas\/wp-json\/wp\/v2\/posts\/356\/revisions\/360"}],"wp:featuredmedia":[{"embeddable":true,"href":"https:\/\/institutviladomat.cat\/portfoli\/15miquelpuertolas\/wp-json\/wp\/v2\/media\/357"}],"wp:attachment":[{"href":"https:\/\/institutviladomat.cat\/portfoli\/15miquelpuertolas\/wp-json\/wp\/v2\/media?parent=356"}],"wp:term":[{"taxonomy":"category","embeddable":true,"href":"https:\/\/institutviladomat.cat\/portfoli\/15miquelpuertolas\/wp-json\/wp\/v2\/categories?post=356"},{"taxonomy":"post_tag","embeddable":true,"href":"https:\/\/institutviladomat.cat\/portfoli\/15miquelpuertolas\/wp-json\/wp\/v2\/tags?post=356"}],"curies":[{"name":"wp","href":"https:\/\/api.w.org\/{rel}","templated":true}]}}