{"id":361,"date":"2019-04-30T20:44:26","date_gmt":"2019-04-30T20:44:26","guid":{"rendered":"http:\/\/institutviladomat.cat\/portfoli\/15miquelpuertolas\/?p=361"},"modified":"2019-04-30T20:44:26","modified_gmt":"2019-04-30T20:44:26","slug":"la-comunidad","status":"publish","type":"post","link":"https:\/\/institutviladomat.cat\/portfoli\/15miquelpuertolas\/2019\/04\/30\/la-comunidad\/","title":{"rendered":"La comunidad"},"content":{"rendered":"\n<p>Per obrir aquesta cinquena i \u00faltima situaci\u00f3 de quart d&#8217;Eso, vam veure la peli &#8220;La comunidad&#8221;<\/p>\n\n\n\n<p>La comunidad \u00e9s una pel\u00b7l\u00edcula dirigida per \u00c0lex de la Iglesia, a l&#8217;any 2000. L&#8217;actriu principal \u00e9s Carmen Maura<\/p>\n\n\n\n<figure class=\"wp-block-image\"><img decoding=\"async\" loading=\"lazy\" width=\"450\" height=\"253\" src=\"http:\/\/institutviladomat.cat\/portfoli\/15miquelpuertolas\/wp-content\/uploads\/sites\/62\/2019\/04\/la-comunidad.jpg\" alt=\"\" class=\"wp-image-362\" srcset=\"https:\/\/institutviladomat.cat\/portfoli\/15miquelpuertolas\/wp-content\/uploads\/sites\/62\/2019\/04\/la-comunidad.jpg 450w, https:\/\/institutviladomat.cat\/portfoli\/15miquelpuertolas\/wp-content\/uploads\/sites\/62\/2019\/04\/la-comunidad-300x169.jpg 300w\" sizes=\"(max-width: 450px) 100vw, 450px\" \/><figcaption>Portada de la pel\u00b7l\u00edcula<\/figcaption><\/figure>\n","protected":false},"excerpt":{"rendered":"<p>Per obrir aquesta cinquena i \u00faltima situaci\u00f3 de quart d&#8217;Eso, vam veure la peli &#8220;La comunidad&#8221; La comunidad \u00e9s una pel\u00b7l\u00edcula dirigida per \u00c0lex de la Iglesia, a&#8230;<\/p>\n","protected":false},"author":64,"featured_media":362,"comment_status":"open","ping_status":"open","sticky":false,"template":"","format":"standard","meta":{"footnotes":""},"categories":[1],"tags":[71,69],"_links":{"self":[{"href":"https:\/\/institutviladomat.cat\/portfoli\/15miquelpuertolas\/wp-json\/wp\/v2\/posts\/361"}],"collection":[{"href":"https:\/\/institutviladomat.cat\/portfoli\/15miquelpuertolas\/wp-json\/wp\/v2\/posts"}],"about":[{"href":"https:\/\/institutviladomat.cat\/portfoli\/15miquelpuertolas\/wp-json\/wp\/v2\/types\/post"}],"author":[{"embeddable":true,"href":"https:\/\/institutviladomat.cat\/portfoli\/15miquelpuertolas\/wp-json\/wp\/v2\/users\/64"}],"replies":[{"embeddable":true,"href":"https:\/\/institutviladomat.cat\/portfoli\/15miquelpuertolas\/wp-json\/wp\/v2\/comments?post=361"}],"version-history":[{"count":1,"href":"https:\/\/institutviladomat.cat\/portfoli\/15miquelpuertolas\/wp-json\/wp\/v2\/posts\/361\/revisions"}],"predecessor-version":[{"id":363,"href":"https:\/\/institutviladomat.cat\/portfoli\/15miquelpuertolas\/wp-json\/wp\/v2\/posts\/361\/revisions\/363"}],"wp:featuredmedia":[{"embeddable":true,"href":"https:\/\/institutviladomat.cat\/portfoli\/15miquelpuertolas\/wp-json\/wp\/v2\/media\/362"}],"wp:attachment":[{"href":"https:\/\/institutviladomat.cat\/portfoli\/15miquelpuertolas\/wp-json\/wp\/v2\/media?parent=361"}],"wp:term":[{"taxonomy":"category","embeddable":true,"href":"https:\/\/institutviladomat.cat\/portfoli\/15miquelpuertolas\/wp-json\/wp\/v2\/categories?post=361"},{"taxonomy":"post_tag","embeddable":true,"href":"https:\/\/institutviladomat.cat\/portfoli\/15miquelpuertolas\/wp-json\/wp\/v2\/tags?post=361"}],"curies":[{"name":"wp","href":"https:\/\/api.w.org\/{rel}","templated":true}]}}