{"id":319,"date":"2017-11-12T14:34:09","date_gmt":"2017-11-12T14:34:09","guid":{"rendered":"http:\/\/institutviladomat.cat\/portfoli\/15onatarragon\/?p=319"},"modified":"2017-11-12T14:34:09","modified_gmt":"2017-11-12T14:34:09","slug":"el-mussol-i-la-forca","status":"publish","type":"post","link":"https:\/\/institutviladomat.cat\/portfoli\/15onatarragon\/2017\/11\/12\/el-mussol-i-la-forca\/","title":{"rendered":"El mussol i la forca"},"content":{"rendered":"<p>Cada any llegim 3 llibres per trimestre, un en catal\u00e0, un en castell\u00e0 i l&#8217;ultim en angl\u00e8s. Aquest any, al primer trimestre, a catal\u00e0, ens ha tocat llegir\u00a0<em>el mussol i la forca<\/em>.<\/p>\n<p>Aquest llibre tracta sobre una periodista que es diu Lara i una policia que es diu Rosa que , tot i que els seus superiors no hi acaven de estar d&#8217;acord, investiguen unes estranyes desaparicions que es produeixen en el clavegueram i que deixen com a marca uns grafits molt extranys&#8230; Tamb\u00e9 narra la hist\u00f2ria de dues noies (la Sonia i l\u2019Ingrid) que al veure que les desaparicions tamb\u00e9 afecten a una amiga seva intenten resoldre el cas pel seu compte.<\/p>\n<p>Aquest llibre no m&#8217;ha agradat gaire.<\/p>\n","protected":false},"excerpt":{"rendered":"<p>Cada any llegim 3 llibres per trimestre, un en catal\u00e0, un en castell\u00e0 i l&#8217;ultim en angl\u00e8s. Aquest any, al primer trimestre, a catal\u00e0, ens ha tocat llegir\u00a0el&#8230;<\/p>\n","protected":false},"author":48,"featured_media":320,"comment_status":"open","ping_status":"open","sticky":false,"template":"","format":"standard","meta":{"footnotes":""},"categories":[1],"tags":[],"_links":{"self":[{"href":"https:\/\/institutviladomat.cat\/portfoli\/15onatarragon\/wp-json\/wp\/v2\/posts\/319"}],"collection":[{"href":"https:\/\/institutviladomat.cat\/portfoli\/15onatarragon\/wp-json\/wp\/v2\/posts"}],"about":[{"href":"https:\/\/institutviladomat.cat\/portfoli\/15onatarragon\/wp-json\/wp\/v2\/types\/post"}],"author":[{"embeddable":true,"href":"https:\/\/institutviladomat.cat\/portfoli\/15onatarragon\/wp-json\/wp\/v2\/users\/48"}],"replies":[{"embeddable":true,"href":"https:\/\/institutviladomat.cat\/portfoli\/15onatarragon\/wp-json\/wp\/v2\/comments?post=319"}],"version-history":[{"count":1,"href":"https:\/\/institutviladomat.cat\/portfoli\/15onatarragon\/wp-json\/wp\/v2\/posts\/319\/revisions"}],"predecessor-version":[{"id":321,"href":"https:\/\/institutviladomat.cat\/portfoli\/15onatarragon\/wp-json\/wp\/v2\/posts\/319\/revisions\/321"}],"wp:featuredmedia":[{"embeddable":true,"href":"https:\/\/institutviladomat.cat\/portfoli\/15onatarragon\/wp-json\/wp\/v2\/media\/320"}],"wp:attachment":[{"href":"https:\/\/institutviladomat.cat\/portfoli\/15onatarragon\/wp-json\/wp\/v2\/media?parent=319"}],"wp:term":[{"taxonomy":"category","embeddable":true,"href":"https:\/\/institutviladomat.cat\/portfoli\/15onatarragon\/wp-json\/wp\/v2\/categories?post=319"},{"taxonomy":"post_tag","embeddable":true,"href":"https:\/\/institutviladomat.cat\/portfoli\/15onatarragon\/wp-json\/wp\/v2\/tags?post=319"}],"curies":[{"name":"wp","href":"https:\/\/api.w.org\/{rel}","templated":true}]}}