{"id":365,"date":"2018-03-06T11:11:45","date_gmt":"2018-03-06T11:11:45","guid":{"rendered":"http:\/\/institutviladomat.cat\/portfoli\/15onatarragon\/?p=365"},"modified":"2018-03-11T16:21:49","modified_gmt":"2018-03-11T16:21:49","slug":"nikola-tesla-un-geni-o-nomes-intelligent","status":"publish","type":"post","link":"https:\/\/institutviladomat.cat\/portfoli\/15onatarragon\/2018\/03\/06\/nikola-tesla-un-geni-o-nomes-intelligent\/","title":{"rendered":"Nikola Tesla, un geni o nom\u00e9s intel\u00b7ligent?"},"content":{"rendered":"<p>Nikola Tesla, un dels genis m\u00e9s incompresos del segle XX i de tota la hist\u00f2ria de la humanitat. Un geni nascut\u00a0el 10 de juliol de 1856, mort el 7 de gener de 1943 i el seu c\u00e0daver trobat el 8 de gener de 1943.\u00a0 I perqu\u00e8 un geni? Doncs perqu\u00e8 va inventar la corrent alterna. Fins aqu\u00ed estem d&#8217;acord que aquest senyor era un geni, per\u00f2 si continuem investigant sobre la seva vida jo diria que no ha triunfat gaire.<\/p>\n<p>Actualment ens queden MOLTS invents de Tesla, alguns que no estaven patentats per\u00f2 ara s&#8217;ha reconegut que ell va ser l&#8217;inventor. Alguns d&#8217;aquests invents s\u00f3n:\u00a0 la r\u00e0dio, la corrent alterna o el comandament de la televisi\u00f3.<\/p>\n<p>Fins i tot t\u00e9 una empresa al seu nom, per\u00f2, el seu \u00e8xit \u00e9s exactament com ell somiava? La resposta \u00e9s rotunda, no. Ell volia que l&#8217;electricitat fos gratu\u00efta, accessible per a tothom, inal\u00e0mbrica&#8230; Per\u00f2 ja se sap, si ets un inventor sense ambici\u00f3\u00a0 en un m\u00f3n d&#8217;accionistes ho tens cru. Est\u00e0 clar que els empresaris\u00a0 far\u00e0n el possible per enriquir-se sense preocupar-se dels dem\u00e8s.<\/p>\n<p>I com hagu\u00e8s sigut el m\u00f3n si Tesla hagu\u00e8s triunfat? Aquesta resposta l&#8217;hauria de respondre una historiadora, jo des de la ignor\u00e0ncia ho puc intentar: Les empreses haur\u00eden trobat una altre manera de cobrar-nos pern l&#8217;electricitat, aquest es l&#8217;esperit del capitalisme.<\/p>\n<p>Per concluir, Tesla va ser una persona brillant i un personatge important\u00edssim per la nostre hist\u00f2ria.\u00a0 La pena fou que no sapigu\u00e9 gestionar b\u00e9 les seves patents ni accions i acab\u00e0 morint sol, pobre i enamorat d&#8217;un colom blanc.<\/p>\n<div style=\"width: 256px\" class=\"wp-caption alignnone\"><img decoding=\"async\" loading=\"lazy\" class=\"\" src=\"https:\/\/m.static.lagardere.cz\/koule2017\/2017\/11\/last-photos-of-famous-people-52-59ef508cb014c-700.jpg\" width=\"246\" height=\"297\" \/><p class=\"wp-caption-text\">L&#8217;ultima foto que es t\u00e9 de Nikola Tesla<\/p><\/div>\n<p>&nbsp;<\/p>\n<p>Totes les dades del text han estat extretes dels dos audios i els dos articles del moodle.<\/p>\n","protected":false},"excerpt":{"rendered":"<p>Nikola Tesla, un dels genis m\u00e9s incompresos del segle XX i de tota la hist\u00f2ria de la humanitat. Un geni nascut\u00a0el 10 de juliol de 1856, mort el&#8230;<\/p>\n","protected":false},"author":48,"featured_media":366,"comment_status":"open","ping_status":"open","sticky":false,"template":"","format":"standard","meta":{"footnotes":""},"categories":[38],"tags":[],"_links":{"self":[{"href":"https:\/\/institutviladomat.cat\/portfoli\/15onatarragon\/wp-json\/wp\/v2\/posts\/365"}],"collection":[{"href":"https:\/\/institutviladomat.cat\/portfoli\/15onatarragon\/wp-json\/wp\/v2\/posts"}],"about":[{"href":"https:\/\/institutviladomat.cat\/portfoli\/15onatarragon\/wp-json\/wp\/v2\/types\/post"}],"author":[{"embeddable":true,"href":"https:\/\/institutviladomat.cat\/portfoli\/15onatarragon\/wp-json\/wp\/v2\/users\/48"}],"replies":[{"embeddable":true,"href":"https:\/\/institutviladomat.cat\/portfoli\/15onatarragon\/wp-json\/wp\/v2\/comments?post=365"}],"version-history":[{"count":3,"href":"https:\/\/institutviladomat.cat\/portfoli\/15onatarragon\/wp-json\/wp\/v2\/posts\/365\/revisions"}],"predecessor-version":[{"id":369,"href":"https:\/\/institutviladomat.cat\/portfoli\/15onatarragon\/wp-json\/wp\/v2\/posts\/365\/revisions\/369"}],"wp:featuredmedia":[{"embeddable":true,"href":"https:\/\/institutviladomat.cat\/portfoli\/15onatarragon\/wp-json\/wp\/v2\/media\/366"}],"wp:attachment":[{"href":"https:\/\/institutviladomat.cat\/portfoli\/15onatarragon\/wp-json\/wp\/v2\/media?parent=365"}],"wp:term":[{"taxonomy":"category","embeddable":true,"href":"https:\/\/institutviladomat.cat\/portfoli\/15onatarragon\/wp-json\/wp\/v2\/categories?post=365"},{"taxonomy":"post_tag","embeddable":true,"href":"https:\/\/institutviladomat.cat\/portfoli\/15onatarragon\/wp-json\/wp\/v2\/tags?post=365"}],"curies":[{"name":"wp","href":"https:\/\/api.w.org\/{rel}","templated":true}]}}