{"id":582,"date":"2019-02-27T10:22:36","date_gmt":"2019-02-27T10:22:36","guid":{"rendered":"http:\/\/institutviladomat.cat\/portfoli\/15onatarragon\/?p=582"},"modified":"2019-02-27T10:22:36","modified_gmt":"2019-02-27T10:22:36","slug":"en-memoria-de-les-oblidades_the-100","status":"publish","type":"post","link":"https:\/\/institutviladomat.cat\/portfoli\/15onatarragon\/2019\/02\/27\/en-memoria-de-les-oblidades_the-100\/","title":{"rendered":"En mem\u00f2ria de les oblidades_the 100"},"content":{"rendered":"\n<p>El passat dijous 21 de Febrer els alumnes de quart van anar a Gl\u00f2ries a veure una obra de teatre titulada <strong>en mem\u00f2ria de les oblidades<\/strong>. Jo, <em>gafe<\/em> de naixement estava amb una bona infecci\u00f3 al sof\u00e0 de casa. B\u00e9, anem a ser positius (s\u00ed, avui estic optimista), tot i que em  vaig perdre la que per molts va ser la millor obra que hem anat a veure amb l&#8217;institut no tot foren males not\u00edcies, &#8220;gr\u00e0cies&#8221; a la malaltia he descobert una nova s\u00e8rie. <\/p>\n\n\n\n<p>Aquesta s\u00e8rie, no gaire bona en els primers cap\u00edtols, m&#8217;ha enganxat per complet&#8230; i sense m\u00e9s dilaci\u00f3&#8230;. us presento la meva salvaci\u00f3 per no sucumbir a l&#8217;avorriment malalt\u00eds&#8230;  <strong>The 100<\/strong> (si, ja s\u00e9 que ho he escrit al t\u00edtol per\u00f2 em va el dramatisme). <\/p>\n\n\n\n<p>La s\u00e8rie en q\u00fcesti\u00f3 tracta sobre un futur on la terra ha estat bombardejada amb bombes nuclears i presumptament est\u00e0 infestada de radiaci\u00f3 (si, aquesta cosa <em>xunga<\/em> que fa que els c\u00e9rvols tinguin mutacions gen\u00e8tiques com, no s\u00e9&#8230; disposar de dos caps). B\u00e9, el cas \u00e9s que la humanitat supervivent est\u00e0 tota anxovada en una nau que orbita la terra, la hist\u00f2ria comen\u00e7a arran de qu\u00e8 en aquesta nau s&#8217;adonen que no tenen  prou oxigen per sobreviure i, per aix\u00f2, envien a 100 menors d&#8217;edat (tots els presos de la nau) perqu\u00e8 vagin a la terra a inspeccionar si \u00e9s habitable. Apassionant eh? <\/p>\n","protected":false},"excerpt":{"rendered":"<p>El passat dijous 21 de Febrer els alumnes de quart van anar a Gl\u00f2ries a veure una obra de teatre titulada en mem\u00f2ria de les oblidades. Jo, gafe&#8230;<\/p>\n","protected":false},"author":48,"featured_media":560,"comment_status":"open","ping_status":"open","sticky":false,"template":"","format":"standard","meta":{"footnotes":""},"categories":[136],"tags":[138,45,137,50,110],"_links":{"self":[{"href":"https:\/\/institutviladomat.cat\/portfoli\/15onatarragon\/wp-json\/wp\/v2\/posts\/582"}],"collection":[{"href":"https:\/\/institutviladomat.cat\/portfoli\/15onatarragon\/wp-json\/wp\/v2\/posts"}],"about":[{"href":"https:\/\/institutviladomat.cat\/portfoli\/15onatarragon\/wp-json\/wp\/v2\/types\/post"}],"author":[{"embeddable":true,"href":"https:\/\/institutviladomat.cat\/portfoli\/15onatarragon\/wp-json\/wp\/v2\/users\/48"}],"replies":[{"embeddable":true,"href":"https:\/\/institutviladomat.cat\/portfoli\/15onatarragon\/wp-json\/wp\/v2\/comments?post=582"}],"version-history":[{"count":1,"href":"https:\/\/institutviladomat.cat\/portfoli\/15onatarragon\/wp-json\/wp\/v2\/posts\/582\/revisions"}],"predecessor-version":[{"id":583,"href":"https:\/\/institutviladomat.cat\/portfoli\/15onatarragon\/wp-json\/wp\/v2\/posts\/582\/revisions\/583"}],"wp:featuredmedia":[{"embeddable":true,"href":"https:\/\/institutviladomat.cat\/portfoli\/15onatarragon\/wp-json\/wp\/v2\/media\/560"}],"wp:attachment":[{"href":"https:\/\/institutviladomat.cat\/portfoli\/15onatarragon\/wp-json\/wp\/v2\/media?parent=582"}],"wp:term":[{"taxonomy":"category","embeddable":true,"href":"https:\/\/institutviladomat.cat\/portfoli\/15onatarragon\/wp-json\/wp\/v2\/categories?post=582"},{"taxonomy":"post_tag","embeddable":true,"href":"https:\/\/institutviladomat.cat\/portfoli\/15onatarragon\/wp-json\/wp\/v2\/tags?post=582"}],"curies":[{"name":"wp","href":"https:\/\/api.w.org\/{rel}","templated":true}]}}