{"id":586,"date":"2019-03-18T07:55:16","date_gmt":"2019-03-18T07:55:16","guid":{"rendered":"http:\/\/institutviladomat.cat\/portfoli\/15onatarragon\/?p=586"},"modified":"2019-03-24T21:10:51","modified_gmt":"2019-03-24T21:10:51","slug":"anem-a-la-model","status":"publish","type":"post","link":"https:\/\/institutviladomat.cat\/portfoli\/15onatarragon\/2019\/03\/18\/anem-a-la-model\/","title":{"rendered":"Anem a la model"},"content":{"rendered":"\n<p>Ahir dia 14 de Mar\u00e7 vam anar a l&#8217;antiga pres\u00f3 de la model per veure una exposici\u00f3 dedicada a les preses pol\u00edtiques despr\u00e9s de la guerra civil. <\/p>\n\n\n\n<p>Al principi vam anar al locutori on hi havia diversos plafons que relataven la prec\u00e0ria vida de les dones en aquelles presons. Un senyor d&#8217;uns 60 anys ens va explicar, amb un toc d&#8217;ironia, unes quantes an\u00e8cdotes.  <\/p>\n\n\n\n<p>Tot seguit van obrir-nos les ales 3 i 4 per tal que pogu\u00e9ssim visitar-les.  Finalment, el mateix senyor esmentat anteriorment, ens va ensenyar el lloc on va morir l&#8217;\u00faltim condemnat a mort mitjan\u00e7ant el <em> garrote vil<\/em>.  <\/p>\n\n\n\n<p>Aquesta sortida em va semblar molt interessant tot i que penso que la maduresa mental dels integrants del grup que van a veure exposicions d&#8217;aquest tipus hauria de ser major del que \u00e9s. Dic aix\u00f2 perqu\u00e8 tot i que van ser tractats temes molt delicats, certes persones no van deixar de riure en tota la vetllada. <\/p>\n","protected":false},"excerpt":{"rendered":"<p>Ahir dia 14 de Mar\u00e7 vam anar a l&#8217;antiga pres\u00f3 de la model per veure una exposici\u00f3 dedicada a les preses pol\u00edtiques despr\u00e9s de la guerra civil. Al&#8230;<\/p>\n","protected":false},"author":48,"featured_media":602,"comment_status":"open","ping_status":"open","sticky":false,"template":"","format":"standard","meta":{"footnotes":""},"categories":[1,136],"tags":[139,50],"_links":{"self":[{"href":"https:\/\/institutviladomat.cat\/portfoli\/15onatarragon\/wp-json\/wp\/v2\/posts\/586"}],"collection":[{"href":"https:\/\/institutviladomat.cat\/portfoli\/15onatarragon\/wp-json\/wp\/v2\/posts"}],"about":[{"href":"https:\/\/institutviladomat.cat\/portfoli\/15onatarragon\/wp-json\/wp\/v2\/types\/post"}],"author":[{"embeddable":true,"href":"https:\/\/institutviladomat.cat\/portfoli\/15onatarragon\/wp-json\/wp\/v2\/users\/48"}],"replies":[{"embeddable":true,"href":"https:\/\/institutviladomat.cat\/portfoli\/15onatarragon\/wp-json\/wp\/v2\/comments?post=586"}],"version-history":[{"count":3,"href":"https:\/\/institutviladomat.cat\/portfoli\/15onatarragon\/wp-json\/wp\/v2\/posts\/586\/revisions"}],"predecessor-version":[{"id":603,"href":"https:\/\/institutviladomat.cat\/portfoli\/15onatarragon\/wp-json\/wp\/v2\/posts\/586\/revisions\/603"}],"wp:featuredmedia":[{"embeddable":true,"href":"https:\/\/institutviladomat.cat\/portfoli\/15onatarragon\/wp-json\/wp\/v2\/media\/602"}],"wp:attachment":[{"href":"https:\/\/institutviladomat.cat\/portfoli\/15onatarragon\/wp-json\/wp\/v2\/media?parent=586"}],"wp:term":[{"taxonomy":"category","embeddable":true,"href":"https:\/\/institutviladomat.cat\/portfoli\/15onatarragon\/wp-json\/wp\/v2\/categories?post=586"},{"taxonomy":"post_tag","embeddable":true,"href":"https:\/\/institutviladomat.cat\/portfoli\/15onatarragon\/wp-json\/wp\/v2\/tags?post=586"}],"curies":[{"name":"wp","href":"https:\/\/api.w.org\/{rel}","templated":true}]}}