{"id":596,"date":"2019-03-24T20:55:38","date_gmt":"2019-03-24T20:55:38","guid":{"rendered":"http:\/\/institutviladomat.cat\/portfoli\/15onatarragon\/?p=596"},"modified":"2019-03-25T08:18:51","modified_gmt":"2019-03-25T08:18:51","slug":"carmen-conde-abellan","status":"publish","type":"post","link":"https:\/\/institutviladomat.cat\/portfoli\/15onatarragon\/2019\/03\/24\/carmen-conde-abellan\/","title":{"rendered":"Carmen Conde Abell\u00e1n"},"content":{"rendered":"\n<p>En clase de castellano hemos estudiado, en esta situaci\u00f3n de aprendizaje, a las sin sombrero. A unas mujeres olvidadas, una vez m\u00e1s, en la historia. Estas en concreto eran artistas, escritoras y cineastas que junto a hombres como Federico Garc\u00eda Lorca o Pablo Neruda formaron parte de la generaci\u00f3n del 27. <\/p>\n\n\n\n<p>A nuestro grupo nos ha tocado trabajar a Carmen Conde Abell\u00e1n y para darla a conocer (he)mos dise\u00f1ado una<a href=\"https:\/\/15onatarragon.wixsite.com\/carmenconde\"><strong> <\/strong><\/a><strong><a href=\"https:\/\/15onatarragon.wixsite.com\/carmenconde\">p\u00e1gina web<\/a><\/strong><a href=\"https:\/\/15onatarragon.wixsite.com\/carmenconde\"> y<\/a> un <a href=\"https:\/\/drive.google.com\/open?id=1UCS-dZ4liez52HkKn3uAlByYbKmjY3JT\"><strong>cartel<\/strong><\/a>. Dentro de la web hemos incorporado un video (problemas varios han hecho que no est\u00e9 colgado hasta ultima hora) y un Kahoot. <\/p>\n\n\n\n<p>Aqu\u00ed a bajo os dejo una peque\u00f1a biograf\u00eda que hicimos como base para nuestro video, m\u00e1s a bajo est\u00e1 mi valoraci\u00f3n personal:<\/p>\n\n\n\n<p style=\"text-align:left\">Carmen Cond\u00e9 Abell\u00e1n naci\u00f3 en Cartagena el 15 de agosto de 1907. Ella fue una poeta, prosista, dramaturga, ensayista y maestra espa\u00f1ola y, por si fuera poco, una de las personas m\u00e1s significativas de la generaci\u00f3n del 27.  Estudi\u00f3 magisterio en la Escuela Normal de Murcia y m\u00e1s tarde filosof\u00eda y letras en la universidad de Valencia. Public\u00f3 su primer obra, Brocal, en 1929.                                                                                                                 En 1931 se cas\u00f3 con el poeta Antonio Oliver Belm\u00e1s, el cual fallece el a\u00f1o 1968. Carmen junto a Antonio fundaron la primera Universidad Popular de Cartagena.                                                                                                                  Trabaj\u00f3 como profesora de literatura espa\u00f1ola en el Instituto de Estudios Europeos y en la C\u00e1tedra Mediterr\u00e1neo de la Universidad de Valencia en Alicante.                                                                                                                 En 1953 gan\u00f3 el premio Elisenda Montcada con las Oscuras ra\u00edces, En 1967  el premio nacional de Poes\u00eda y en 1980 el premio Ateneo de Sevilla con Soy la madre.                                                                                                                 El 28 de enero de 1979 ingres\u00f3 en la RAE ocupando el sill\u00f3n K, siendo as\u00ed la primera mujer desde su creaci\u00f3n.                                                                                                                 A principios de los 80 comienzan los primeros s\u00edntomas de la enfermedad de Alzheimer. Fallece el 8 de enero de 1996 en Madrid.<\/p>\n\n\n\n<p>Este trabajo me ha parecido necesario e importante ya que a las mujeres nos han borrado cuidadosamente de la historia y es fundamental escribir todas esas partes en las que hemos estado obviadas. <\/p>\n","protected":false},"excerpt":{"rendered":"<p>En clase de castellano hemos estudiado, en esta situaci\u00f3n de aprendizaje, a las sin sombrero. A unas mujeres olvidadas, una vez m\u00e1s, en la historia. Estas en concreto&#8230;<\/p>\n","protected":false},"author":48,"featured_media":600,"comment_status":"open","ping_status":"open","sticky":false,"template":"","format":"standard","meta":{"footnotes":""},"categories":[1,136],"tags":[138,143,58,144],"_links":{"self":[{"href":"https:\/\/institutviladomat.cat\/portfoli\/15onatarragon\/wp-json\/wp\/v2\/posts\/596"}],"collection":[{"href":"https:\/\/institutviladomat.cat\/portfoli\/15onatarragon\/wp-json\/wp\/v2\/posts"}],"about":[{"href":"https:\/\/institutviladomat.cat\/portfoli\/15onatarragon\/wp-json\/wp\/v2\/types\/post"}],"author":[{"embeddable":true,"href":"https:\/\/institutviladomat.cat\/portfoli\/15onatarragon\/wp-json\/wp\/v2\/users\/48"}],"replies":[{"embeddable":true,"href":"https:\/\/institutviladomat.cat\/portfoli\/15onatarragon\/wp-json\/wp\/v2\/comments?post=596"}],"version-history":[{"count":5,"href":"https:\/\/institutviladomat.cat\/portfoli\/15onatarragon\/wp-json\/wp\/v2\/posts\/596\/revisions"}],"predecessor-version":[{"id":608,"href":"https:\/\/institutviladomat.cat\/portfoli\/15onatarragon\/wp-json\/wp\/v2\/posts\/596\/revisions\/608"}],"wp:featuredmedia":[{"embeddable":true,"href":"https:\/\/institutviladomat.cat\/portfoli\/15onatarragon\/wp-json\/wp\/v2\/media\/600"}],"wp:attachment":[{"href":"https:\/\/institutviladomat.cat\/portfoli\/15onatarragon\/wp-json\/wp\/v2\/media?parent=596"}],"wp:term":[{"taxonomy":"category","embeddable":true,"href":"https:\/\/institutviladomat.cat\/portfoli\/15onatarragon\/wp-json\/wp\/v2\/categories?post=596"},{"taxonomy":"post_tag","embeddable":true,"href":"https:\/\/institutviladomat.cat\/portfoli\/15onatarragon\/wp-json\/wp\/v2\/tags?post=596"}],"curies":[{"name":"wp","href":"https:\/\/api.w.org\/{rel}","templated":true}]}}