{"id":610,"date":"2019-04-05T21:18:04","date_gmt":"2019-04-05T21:18:04","guid":{"rendered":"http:\/\/institutviladomat.cat\/portfoli\/15onatarragon\/?p=610"},"modified":"2019-04-06T09:49:21","modified_gmt":"2019-04-06T09:49:21","slug":"italia-dia-1","status":"publish","type":"post","link":"https:\/\/institutviladomat.cat\/portfoli\/15onatarragon\/2019\/04\/05\/italia-dia-1\/","title":{"rendered":"It\u00e0lia &#8211; DIA 1"},"content":{"rendered":"\n<figure class=\"wp-block-video alignleft\"><video controls src=\"http:\/\/institutviladomat.cat\/portfoli\/15onatarragon\/wp-content\/uploads\/sites\/46\/2019\/04\/VID_63911103_020221_964-1.mp4\"><\/video><figcaption>Viatge en autocar<\/figcaption><\/figure>\n\n\n\n<p>El viatge de final de quart va comen\u00e7ar diumenge 31 de Mar\u00e7 a les 8 de la nit, quan v\u00e0rem pujar a l&#8217;autocar que ens va portar fins a It\u00e0lia. En aquest ens hi v\u00e0rem passar tota la nit, dormint tant com vam poder. <\/p>\n\n\n\n<p>Despr\u00e9s de les poques hores de son abans esmentades, vam arribar a la primera ciutat que v\u00e0rem visitar d&#8217;It\u00e0lia: Pisa. Aquesta semblava nova-Espanya o Nou-Jap\u00f3 ja que a m\u00e9s de sentir-hi m\u00e9s Espanyol que Itali\u00e0, vaig veure-hi m\u00e9s Japonesos aguantant la torre que Italians hipnotitzats per les postures dels turistes. <\/p>\n\n\n\n<p>En baixar de l&#8217;Autocar ens vam dirigir a la <em>Piazza dei Miracoli<\/em> i nom\u00e9s arribar-hi ja em vaig quedar esmaperduda. Amb el <em>Baptistry San Giovanni<\/em>al davant encara em quedava caminar uns metres m\u00e9s per admirar la bellesa innegable de la catedral de Santa Maria Assumpta i el campanar d&#8217;aquesta, la torre de Pisa. <\/p>\n\n\n\n<ul class=\"wp-block-gallery columns-3 is-cropped wp-block-gallery-1 is-layout-flex wp-block-gallery-is-layout-flex\"><li class=\"blocks-gallery-item\"><figure><img decoding=\"async\" loading=\"lazy\" width=\"576\" height=\"1024\" src=\"http:\/\/institutviladomat.cat\/portfoli\/15onatarragon\/wp-content\/uploads\/sites\/46\/2019\/04\/IMG_20190401_114844_665-576x1024.jpg\" alt=\"\" data-id=\"616\" data-link=\"http:\/\/institutviladomat.cat\/portfoli\/15onatarragon\/2019\/04\/05\/italia-dia-1\/img_20190401_114844_665\/\" class=\"wp-image-616\" srcset=\"https:\/\/institutviladomat.cat\/portfoli\/15onatarragon\/wp-content\/uploads\/sites\/46\/2019\/04\/IMG_20190401_114844_665-576x1024.jpg 576w, https:\/\/institutviladomat.cat\/portfoli\/15onatarragon\/wp-content\/uploads\/sites\/46\/2019\/04\/IMG_20190401_114844_665-169x300.jpg 169w, https:\/\/institutviladomat.cat\/portfoli\/15onatarragon\/wp-content\/uploads\/sites\/46\/2019\/04\/IMG_20190401_114844_665-508x903.jpg 508w, https:\/\/institutviladomat.cat\/portfoli\/15onatarragon\/wp-content\/uploads\/sites\/46\/2019\/04\/IMG_20190401_114844_665.jpg 720w\" sizes=\"(max-width: 576px) 100vw, 576px\" \/><figcaption><em>Baptistry San Giovanni<\/em>al<\/figcaption><\/figure><\/li><li class=\"blocks-gallery-item\"><figure><img decoding=\"async\" loading=\"lazy\" width=\"576\" height=\"1024\" src=\"http:\/\/institutviladomat.cat\/portfoli\/15onatarragon\/wp-content\/uploads\/sites\/46\/2019\/04\/IMG_20190401_115117_369-576x1024.jpg\" alt=\"\" data-id=\"617\" data-link=\"http:\/\/institutviladomat.cat\/portfoli\/15onatarragon\/2019\/04\/05\/italia-dia-1\/img_20190401_115117_369\/\" class=\"wp-image-617\" srcset=\"https:\/\/institutviladomat.cat\/portfoli\/15onatarragon\/wp-content\/uploads\/sites\/46\/2019\/04\/IMG_20190401_115117_369-576x1024.jpg 576w, https:\/\/institutviladomat.cat\/portfoli\/15onatarragon\/wp-content\/uploads\/sites\/46\/2019\/04\/IMG_20190401_115117_369-169x300.jpg 169w, https:\/\/institutviladomat.cat\/portfoli\/15onatarragon\/wp-content\/uploads\/sites\/46\/2019\/04\/IMG_20190401_115117_369-508x903.jpg 508w, https:\/\/institutviladomat.cat\/portfoli\/15onatarragon\/wp-content\/uploads\/sites\/46\/2019\/04\/IMG_20190401_115117_369.jpg 720w\" sizes=\"(max-width: 576px) 100vw, 576px\" \/><figcaption>Torre di Pisa<\/figcaption><\/figure><\/li><li class=\"blocks-gallery-item\"><figure><img decoding=\"async\" loading=\"lazy\" width=\"1024\" height=\"576\" src=\"http:\/\/institutviladomat.cat\/portfoli\/15onatarragon\/wp-content\/uploads\/sites\/46\/2019\/04\/IMG_20190401_114740_096-1-e1554500370166-1024x576.jpg\" alt=\"\" data-id=\"615\" data-link=\"http:\/\/institutviladomat.cat\/portfoli\/15onatarragon\/2019\/04\/05\/italia-dia-1\/img_20190401_114740_096-1\/\" class=\"wp-image-615\" srcset=\"https:\/\/institutviladomat.cat\/portfoli\/15onatarragon\/wp-content\/uploads\/sites\/46\/2019\/04\/IMG_20190401_114740_096-1-e1554500370166-1024x576.jpg 1024w, https:\/\/institutviladomat.cat\/portfoli\/15onatarragon\/wp-content\/uploads\/sites\/46\/2019\/04\/IMG_20190401_114740_096-1-e1554500370166-300x169.jpg 300w, https:\/\/institutviladomat.cat\/portfoli\/15onatarragon\/wp-content\/uploads\/sites\/46\/2019\/04\/IMG_20190401_114740_096-1-e1554500370166-508x286.jpg 508w, https:\/\/institutviladomat.cat\/portfoli\/15onatarragon\/wp-content\/uploads\/sites\/46\/2019\/04\/IMG_20190401_114740_096-1-e1554500370166-768x432.jpg 768w, https:\/\/institutviladomat.cat\/portfoli\/15onatarragon\/wp-content\/uploads\/sites\/46\/2019\/04\/IMG_20190401_114740_096-1-e1554500370166-973x547.jpg 973w, https:\/\/institutviladomat.cat\/portfoli\/15onatarragon\/wp-content\/uploads\/sites\/46\/2019\/04\/IMG_20190401_114740_096-1-e1554500370166.jpg 1280w\" sizes=\"(max-width: 1024px) 100vw, 1024px\" \/><figcaption>Piazza dei Miracoli<\/figcaption><\/figure><\/li><li class=\"blocks-gallery-item\"><figure><img decoding=\"async\" loading=\"lazy\" width=\"1024\" height=\"768\" src=\"http:\/\/institutviladomat.cat\/portfoli\/15onatarragon\/wp-content\/uploads\/sites\/46\/2019\/04\/1-1024x768.jpg\" alt=\"\" data-id=\"632\" data-link=\"http:\/\/institutviladomat.cat\/portfoli\/15onatarragon\/2019\/04\/05\/italia-dia-1\/1-2\/\" class=\"wp-image-632\" srcset=\"https:\/\/institutviladomat.cat\/portfoli\/15onatarragon\/wp-content\/uploads\/sites\/46\/2019\/04\/1-1024x768.jpg 1024w, https:\/\/institutviladomat.cat\/portfoli\/15onatarragon\/wp-content\/uploads\/sites\/46\/2019\/04\/1-300x225.jpg 300w, https:\/\/institutviladomat.cat\/portfoli\/15onatarragon\/wp-content\/uploads\/sites\/46\/2019\/04\/1-768x576.jpg 768w, https:\/\/institutviladomat.cat\/portfoli\/15onatarragon\/wp-content\/uploads\/sites\/46\/2019\/04\/1-973x730.jpg 973w, https:\/\/institutviladomat.cat\/portfoli\/15onatarragon\/wp-content\/uploads\/sites\/46\/2019\/04\/1-508x381.jpg 508w\" sizes=\"(max-width: 1024px) 100vw, 1024px\" \/><figcaption>Duomo di Santa Maria Assunta<\/figcaption><\/figure><\/li><\/ul>\n\n\n\n<p>En acabar d&#8217;admirar tant els monuments hist\u00f2rics-culturals com als turistes perdent tota dignitat fent-se fotografies pat\u00e8tiques, v\u00e0rem continuar amb el nostre viatge. Una hora llarga m\u00e9s dins l&#8217;autocar per arribar a Lucca, una ciutat emmurallada de la Toscana. Els que van ser amb mi quan vaig tocar el terra de Lucca ja ho saben, per\u00f2 potser tu, lector interessat, encara ho desconeixes: Lucca em va semblar molt semblant a Lugo. Fins i tot per al nom. <\/p>\n\n\n\n<p>B\u00e9, un cop v\u00e0rem arribar a la ciutat, el que primer vam fer va ser demanar a diversos Italians on ens recomanaven menjar. Com era tard  ens vam quedar sense poder anar a un bon restaurant per\u00f2 ens van assessorar dient-nos d&#8217;anar a una petita pizzeria del carrer central. La veritat \u00e9s que pizza era molt bona. <\/p>\n\n\n\n<ul class=\"wp-block-gallery columns-2 is-cropped wp-block-gallery-2 is-layout-flex wp-block-gallery-is-layout-flex\"><li class=\"blocks-gallery-item\"><figure><img decoding=\"async\" loading=\"lazy\" width=\"768\" height=\"1024\" src=\"http:\/\/institutviladomat.cat\/portfoli\/15onatarragon\/wp-content\/uploads\/sites\/46\/2019\/04\/Pizza-768x1024.jpg\" alt=\"\" data-id=\"625\" data-link=\"http:\/\/institutviladomat.cat\/portfoli\/15onatarragon\/2019\/04\/05\/italia-dia-1\/pizza\/\" class=\"wp-image-625\" srcset=\"https:\/\/institutviladomat.cat\/portfoli\/15onatarragon\/wp-content\/uploads\/sites\/46\/2019\/04\/Pizza.jpg 768w, https:\/\/institutviladomat.cat\/portfoli\/15onatarragon\/wp-content\/uploads\/sites\/46\/2019\/04\/Pizza-225x300.jpg 225w, https:\/\/institutviladomat.cat\/portfoli\/15onatarragon\/wp-content\/uploads\/sites\/46\/2019\/04\/Pizza-508x677.jpg 508w\" sizes=\"(max-width: 768px) 100vw, 768px\" \/><figcaption>Pizza di Berta<\/figcaption><\/figure><\/li><li class=\"blocks-gallery-item\"><figure><img decoding=\"async\" loading=\"lazy\" width=\"576\" height=\"1024\" src=\"http:\/\/institutviladomat.cat\/portfoli\/15onatarragon\/wp-content\/uploads\/sites\/46\/2019\/04\/IMG_20190401_120649_457-576x1024.jpg\" alt=\"\" data-id=\"629\" data-link=\"http:\/\/institutviladomat.cat\/portfoli\/15onatarragon\/2019\/04\/05\/italia-dia-1\/img_20190401_120649_457\/\" class=\"wp-image-629\" srcset=\"https:\/\/institutviladomat.cat\/portfoli\/15onatarragon\/wp-content\/uploads\/sites\/46\/2019\/04\/IMG_20190401_120649_457-576x1024.jpg 576w, https:\/\/institutviladomat.cat\/portfoli\/15onatarragon\/wp-content\/uploads\/sites\/46\/2019\/04\/IMG_20190401_120649_457-169x300.jpg 169w, https:\/\/institutviladomat.cat\/portfoli\/15onatarragon\/wp-content\/uploads\/sites\/46\/2019\/04\/IMG_20190401_120649_457-508x903.jpg 508w, https:\/\/institutviladomat.cat\/portfoli\/15onatarragon\/wp-content\/uploads\/sites\/46\/2019\/04\/IMG_20190401_120649_457.jpg 720w\" sizes=\"(max-width: 576px) 100vw, 576px\" \/><figcaption>Gelato<\/figcaption><\/figure><\/li><\/ul>\n\n\n\n<p>En acabar de dinar v\u00e0rem anar a fer una volta per la ciutat, la intenci\u00f3 era perdre&#8217;ns pels carrers i allunyar-nos de la zona tur\u00edstica per poder admirar l&#8217;arquitectura Italiana. <\/p>\n\n\n\n<p>Al cap d&#8217;unes hores vam tornar a l&#8217;autocar i vam allunyar-nos fins a Montecatini Terme, el poble on v\u00e0rem dormir les dues nits que v\u00e0rem passar a la Toscana. Aquest municipi Itali\u00e0 \u00e9s fam\u00f3s perqu\u00e8 t\u00e9 una gran quantitat de balnearis termals, per\u00f2, ves per on, no vam visitar-ne cap. <\/p>\n\n\n\n<p>Sense els balnearis aquesta localitat no tenia gaire encant, tot eren hotels i botigues cares. El que s\u00ed que tenia era un parc molt bonic que disposava d&#8217;una Noria i una m\u00e0quina que mesurava la for\u00e7a amb qu\u00e8 li donaves un cop de puny (la testosterona va fer que les persones del g\u00e8nere mascul\u00ed de l&#8217;institut haguessin de demostrar qui era el m\u00e9s fort). <\/p>\n\n\n\n<p>El primer dia va ser un dia molt entretingut. <\/p>\n","protected":false},"excerpt":{"rendered":"<p>El viatge de final de quart va comen\u00e7ar diumenge 31 de Mar\u00e7 a les 8 de la nit, quan v\u00e0rem pujar a l&#8217;autocar que ens va portar fins&#8230;<\/p>\n","protected":false},"author":48,"featured_media":611,"comment_status":"open","ping_status":"open","sticky":false,"template":"","format":"standard","meta":{"footnotes":""},"categories":[92],"tags":[148,147,149,145,146],"_links":{"self":[{"href":"https:\/\/institutviladomat.cat\/portfoli\/15onatarragon\/wp-json\/wp\/v2\/posts\/610"}],"collection":[{"href":"https:\/\/institutviladomat.cat\/portfoli\/15onatarragon\/wp-json\/wp\/v2\/posts"}],"about":[{"href":"https:\/\/institutviladomat.cat\/portfoli\/15onatarragon\/wp-json\/wp\/v2\/types\/post"}],"author":[{"embeddable":true,"href":"https:\/\/institutviladomat.cat\/portfoli\/15onatarragon\/wp-json\/wp\/v2\/users\/48"}],"replies":[{"embeddable":true,"href":"https:\/\/institutviladomat.cat\/portfoli\/15onatarragon\/wp-json\/wp\/v2\/comments?post=610"}],"version-history":[{"count":12,"href":"https:\/\/institutviladomat.cat\/portfoli\/15onatarragon\/wp-json\/wp\/v2\/posts\/610\/revisions"}],"predecessor-version":[{"id":640,"href":"https:\/\/institutviladomat.cat\/portfoli\/15onatarragon\/wp-json\/wp\/v2\/posts\/610\/revisions\/640"}],"wp:featuredmedia":[{"embeddable":true,"href":"https:\/\/institutviladomat.cat\/portfoli\/15onatarragon\/wp-json\/wp\/v2\/media\/611"}],"wp:attachment":[{"href":"https:\/\/institutviladomat.cat\/portfoli\/15onatarragon\/wp-json\/wp\/v2\/media?parent=610"}],"wp:term":[{"taxonomy":"category","embeddable":true,"href":"https:\/\/institutviladomat.cat\/portfoli\/15onatarragon\/wp-json\/wp\/v2\/categories?post=610"},{"taxonomy":"post_tag","embeddable":true,"href":"https:\/\/institutviladomat.cat\/portfoli\/15onatarragon\/wp-json\/wp\/v2\/tags?post=610"}],"curies":[{"name":"wp","href":"https:\/\/api.w.org\/{rel}","templated":true}]}}