{"id":637,"date":"2019-04-05T22:23:09","date_gmt":"2019-04-05T22:23:09","guid":{"rendered":"http:\/\/institutviladomat.cat\/portfoli\/15onatarragon\/?p=637"},"modified":"2019-04-06T16:30:26","modified_gmt":"2019-04-06T16:30:26","slug":"italia-dia-2","status":"publish","type":"post","link":"https:\/\/institutviladomat.cat\/portfoli\/15onatarragon\/2019\/04\/05\/italia-dia-2\/","title":{"rendered":"It\u00e0lia &#8211; DIA 2"},"content":{"rendered":"\n<p>El segon dia a It\u00e0lia ens v\u00e0rem despertar a Montecatini Terme sense haver dormit tampoc gaire estona. El primer que v\u00e0rem fer va ser vestir-nos i baixar a &#8220;esmorzar&#8221;. No comentar\u00e9 el menjar que ens donaven a &#8220;l&#8217;hotel de tres estrelles&#8221;. <\/p>\n\n\n\n<p>Un cop v\u00e0rem estar totes i tots preparats v\u00e0rem pujar un altre cop a l&#8217;autocar i v\u00e0rem enfilar-nos fins a Flor\u00e8ncia. El trajecte va durar unes dues hores i si b\u00e9 \u00e9s veritat que no vaig dormir gaire a l&#8217;hotel dins de l&#8217;autocar vaig quedar-me completament morta.  <\/p>\n\n\n\n<p>Ja a Flor\u00e8ncia ens v\u00e0rem posar tot l&#8217;alumnat i l&#8217;equip docent que ens acompanyava en fila i vam despla\u00e7ar-nos fins a la primera parada; La a Piazza del Duomo. Si la catedral de Pisa ja m&#8217;havia impressionat, aquesta  podia provocar la s\u00edndrome de Stendhal. <\/p>\n\n\n\n<ul class=\"wp-block-gallery columns-2 is-cropped wp-block-gallery-1 is-layout-flex wp-block-gallery-is-layout-flex\"><li class=\"blocks-gallery-item\"><figure><img decoding=\"async\" loading=\"lazy\" width=\"576\" height=\"1024\" src=\"http:\/\/institutviladomat.cat\/portfoli\/15onatarragon\/wp-content\/uploads\/sites\/46\/2019\/04\/IMG_20190402_104921_681-576x1024.jpg\" alt=\"\" data-id=\"643\" data-link=\"http:\/\/institutviladomat.cat\/portfoli\/15onatarragon\/2019\/04\/05\/italia-dia-2\/img_20190402_104921_681\/\" class=\"wp-image-643\" srcset=\"https:\/\/institutviladomat.cat\/portfoli\/15onatarragon\/wp-content\/uploads\/sites\/46\/2019\/04\/IMG_20190402_104921_681-576x1024.jpg 576w, https:\/\/institutviladomat.cat\/portfoli\/15onatarragon\/wp-content\/uploads\/sites\/46\/2019\/04\/IMG_20190402_104921_681-169x300.jpg 169w, https:\/\/institutviladomat.cat\/portfoli\/15onatarragon\/wp-content\/uploads\/sites\/46\/2019\/04\/IMG_20190402_104921_681-508x903.jpg 508w, https:\/\/institutviladomat.cat\/portfoli\/15onatarragon\/wp-content\/uploads\/sites\/46\/2019\/04\/IMG_20190402_104921_681.jpg 720w\" sizes=\"(max-width: 576px) 100vw, 576px\" \/><figcaption>Santa Maria del Fiore<\/figcaption><\/figure><\/li><li class=\"blocks-gallery-item\"><figure><img decoding=\"async\" loading=\"lazy\" width=\"1024\" height=\"768\" src=\"http:\/\/institutviladomat.cat\/portfoli\/15onatarragon\/wp-content\/uploads\/sites\/46\/2019\/04\/IMG-9659-1024x768-1024x768.jpg\" alt=\"\" data-id=\"645\" data-link=\"http:\/\/institutviladomat.cat\/portfoli\/15onatarragon\/2019\/04\/05\/italia-dia-2\/img-9659-1024x768\/\" class=\"wp-image-645\" srcset=\"https:\/\/institutviladomat.cat\/portfoli\/15onatarragon\/wp-content\/uploads\/sites\/46\/2019\/04\/IMG-9659-1024x768.jpg 1024w, https:\/\/institutviladomat.cat\/portfoli\/15onatarragon\/wp-content\/uploads\/sites\/46\/2019\/04\/IMG-9659-1024x768-300x225.jpg 300w, https:\/\/institutviladomat.cat\/portfoli\/15onatarragon\/wp-content\/uploads\/sites\/46\/2019\/04\/IMG-9659-1024x768-768x576.jpg 768w, https:\/\/institutviladomat.cat\/portfoli\/15onatarragon\/wp-content\/uploads\/sites\/46\/2019\/04\/IMG-9659-1024x768-973x730.jpg 973w, https:\/\/institutviladomat.cat\/portfoli\/15onatarragon\/wp-content\/uploads\/sites\/46\/2019\/04\/IMG-9659-1024x768-508x381.jpg 508w\" sizes=\"(max-width: 1024px) 100vw, 1024px\" \/><figcaption>Santa Maria del Fiore<\/figcaption><\/figure><\/li><\/ul>\n\n\n\n<p>Un cop admirada aquesta catedral i havent presenciat una marxa a favor de l&#8217;autisme, vam seguir el nostre <em>tour<\/em> fins a arribar a la Piazza Della Signoria, on hi havien exposades diverses escultures, entre elles David de Miguel Angelo. <\/p>\n\n\n\n<ul class=\"wp-block-gallery columns-3 is-cropped wp-block-gallery-2 is-layout-flex wp-block-gallery-is-layout-flex\"><li class=\"blocks-gallery-item\"><figure><img decoding=\"async\" loading=\"lazy\" width=\"576\" height=\"1024\" src=\"http:\/\/institutviladomat.cat\/portfoli\/15onatarragon\/wp-content\/uploads\/sites\/46\/2019\/04\/IMG_20190402_105511_400-1-576x1024.jpg\" alt=\"\" data-id=\"646\" data-link=\"http:\/\/institutviladomat.cat\/portfoli\/15onatarragon\/2019\/04\/05\/italia-dia-2\/img_20190402_105511_400-1\/\" class=\"wp-image-646\" srcset=\"https:\/\/institutviladomat.cat\/portfoli\/15onatarragon\/wp-content\/uploads\/sites\/46\/2019\/04\/IMG_20190402_105511_400-1-576x1024.jpg 576w, https:\/\/institutviladomat.cat\/portfoli\/15onatarragon\/wp-content\/uploads\/sites\/46\/2019\/04\/IMG_20190402_105511_400-1-169x300.jpg 169w, https:\/\/institutviladomat.cat\/portfoli\/15onatarragon\/wp-content\/uploads\/sites\/46\/2019\/04\/IMG_20190402_105511_400-1-508x903.jpg 508w, https:\/\/institutviladomat.cat\/portfoli\/15onatarragon\/wp-content\/uploads\/sites\/46\/2019\/04\/IMG_20190402_105511_400-1.jpg 720w\" sizes=\"(max-width: 576px) 100vw, 576px\" \/><figcaption>Fontana di Nettuno<\/figcaption><\/figure><\/li><li class=\"blocks-gallery-item\"><figure><img decoding=\"async\" loading=\"lazy\" width=\"640\" height=\"493\" src=\"http:\/\/institutviladomat.cat\/portfoli\/15onatarragon\/wp-content\/uploads\/sites\/46\/2019\/04\/david-and-loggia.jpg\" alt=\"\" data-id=\"648\" data-link=\"http:\/\/institutviladomat.cat\/portfoli\/15onatarragon\/2019\/04\/05\/italia-dia-2\/dsc_0040_1\/\" class=\"wp-image-648\" srcset=\"https:\/\/institutviladomat.cat\/portfoli\/15onatarragon\/wp-content\/uploads\/sites\/46\/2019\/04\/david-and-loggia.jpg 640w, https:\/\/institutviladomat.cat\/portfoli\/15onatarragon\/wp-content\/uploads\/sites\/46\/2019\/04\/david-and-loggia-300x231.jpg 300w, https:\/\/institutviladomat.cat\/portfoli\/15onatarragon\/wp-content\/uploads\/sites\/46\/2019\/04\/david-and-loggia-508x391.jpg 508w\" sizes=\"(max-width: 640px) 100vw, 640px\" \/><figcaption>R\u00e9plica de David <\/figcaption><\/figure><\/li><li class=\"blocks-gallery-item\"><figure><img decoding=\"async\" loading=\"lazy\" width=\"942\" height=\"617\" src=\"http:\/\/institutviladomat.cat\/portfoli\/15onatarragon\/wp-content\/uploads\/sites\/46\/2019\/04\/florencia-signoria-021.jpg\" alt=\"\" data-id=\"650\" data-link=\"http:\/\/institutviladomat.cat\/portfoli\/15onatarragon\/2019\/04\/05\/italia-dia-2\/florencia-signoria-021\/\" class=\"wp-image-650\" srcset=\"https:\/\/institutviladomat.cat\/portfoli\/15onatarragon\/wp-content\/uploads\/sites\/46\/2019\/04\/florencia-signoria-021.jpg 942w, https:\/\/institutviladomat.cat\/portfoli\/15onatarragon\/wp-content\/uploads\/sites\/46\/2019\/04\/florencia-signoria-021-300x196.jpg 300w, https:\/\/institutviladomat.cat\/portfoli\/15onatarragon\/wp-content\/uploads\/sites\/46\/2019\/04\/florencia-signoria-021-768x503.jpg 768w, https:\/\/institutviladomat.cat\/portfoli\/15onatarragon\/wp-content\/uploads\/sites\/46\/2019\/04\/florencia-signoria-021-508x333.jpg 508w\" sizes=\"(max-width: 942px) 100vw, 942px\" \/><figcaption>Piazza de la Signoria<\/figcaption><\/figure><\/li><li class=\"blocks-gallery-item\"><figure><img decoding=\"async\" loading=\"lazy\" width=\"1024\" height=\"768\" src=\"http:\/\/institutviladomat.cat\/portfoli\/15onatarragon\/wp-content\/uploads\/sites\/46\/2019\/04\/IMG-20190402-WA0003-2-1024x768.jpg\" alt=\"\" data-id=\"651\" data-link=\"http:\/\/institutviladomat.cat\/portfoli\/15onatarragon\/2019\/04\/05\/italia-dia-2\/img-20190402-wa0003-2\/\" class=\"wp-image-651\" srcset=\"https:\/\/institutviladomat.cat\/portfoli\/15onatarragon\/wp-content\/uploads\/sites\/46\/2019\/04\/IMG-20190402-WA0003-2.jpg 1024w, https:\/\/institutviladomat.cat\/portfoli\/15onatarragon\/wp-content\/uploads\/sites\/46\/2019\/04\/IMG-20190402-WA0003-2-300x225.jpg 300w, https:\/\/institutviladomat.cat\/portfoli\/15onatarragon\/wp-content\/uploads\/sites\/46\/2019\/04\/IMG-20190402-WA0003-2-768x576.jpg 768w, https:\/\/institutviladomat.cat\/portfoli\/15onatarragon\/wp-content\/uploads\/sites\/46\/2019\/04\/IMG-20190402-WA0003-2-973x730.jpg 973w, https:\/\/institutviladomat.cat\/portfoli\/15onatarragon\/wp-content\/uploads\/sites\/46\/2019\/04\/IMG-20190402-WA0003-2-508x381.jpg 508w\" sizes=\"(max-width: 1024px) 100vw, 1024px\" \/><figcaption>Selfie reglamentari per al safari fotogr\u00e0fic wordpresero a la Piazza de la Signoria<\/figcaption><\/figure><\/li><\/ul>\n\n\n\n<p>Va ser aqu\u00ed quan vam separar-nos en grups d&#8217;amics per anar a visitar Flor\u00e8ncia pel nostre compte, aix\u00f2 si, hi havia diversos llocs on era obligatori fer-se una selfie. <\/p>\n\n\n\n<p>Abans de dinar v\u00e0rem visitar l&#8217;esgl\u00e9sia de Santa Croce que, tot i ser m\u00e9s petita que la Catedral de Santa Maria del Fiore, tamb\u00e9 em va semblar impressionant. Tots els detalls que adornen la fa\u00e7ana i els colors que li donen un acabat prou modern fan que l&#8217;esgl\u00e9sia et sembli m\u00e9s que aix\u00f2, una esgl\u00e9sia. <\/p>\n\n\n\n<ul class=\"wp-block-gallery columns-1 is-cropped wp-block-gallery-3 is-layout-flex wp-block-gallery-is-layout-flex\"><li class=\"blocks-gallery-item\"><figure><img decoding=\"async\" loading=\"lazy\" width=\"1024\" height=\"528\" src=\"http:\/\/institutviladomat.cat\/portfoli\/15onatarragon\/wp-content\/uploads\/sites\/46\/2019\/04\/IMG_20190402_112203-e1554546812592-1024x528.jpg\" alt=\"\" data-id=\"653\" data-link=\"http:\/\/institutviladomat.cat\/portfoli\/15onatarragon\/2019\/04\/05\/italia-dia-2\/img_20190402_112203\/\" class=\"wp-image-653\" srcset=\"https:\/\/institutviladomat.cat\/portfoli\/15onatarragon\/wp-content\/uploads\/sites\/46\/2019\/04\/IMG_20190402_112203-e1554546812592-1024x528.jpg 1024w, https:\/\/institutviladomat.cat\/portfoli\/15onatarragon\/wp-content\/uploads\/sites\/46\/2019\/04\/IMG_20190402_112203-e1554546812592-300x155.jpg 300w, https:\/\/institutviladomat.cat\/portfoli\/15onatarragon\/wp-content\/uploads\/sites\/46\/2019\/04\/IMG_20190402_112203-e1554546812592-508x262.jpg 508w, https:\/\/institutviladomat.cat\/portfoli\/15onatarragon\/wp-content\/uploads\/sites\/46\/2019\/04\/IMG_20190402_112203-e1554546812592-768x396.jpg 768w, https:\/\/institutviladomat.cat\/portfoli\/15onatarragon\/wp-content\/uploads\/sites\/46\/2019\/04\/IMG_20190402_112203-e1554546812592-973x502.jpg 973w, https:\/\/institutviladomat.cat\/portfoli\/15onatarragon\/wp-content\/uploads\/sites\/46\/2019\/04\/IMG_20190402_112203-e1554546812592.jpg 1280w\" sizes=\"(max-width: 1024px) 100vw, 1024px\" \/><figcaption>Selfie a l&#8217;esgl\u00e9sia de Santa Croce <\/figcaption><\/figure><\/li><\/ul>\n\n\n\n<p>Despr\u00e9s de contemplar aquesta esgl\u00e9sia ens v\u00e0rem dirigir al ponte Vecchio, un pont amb cases incrustades d&#8217;uns colors molt vius. La vista des d&#8217;una passarel\u00b7la propera tallava la respiraci\u00f3 a qualsevol pintor. N&#8217;hi havia diversos que feien il\u00b7lustracions d&#8217;aquelles vistes tan meravelloses. <\/p>\n\n\n\n<ul class=\"wp-block-gallery columns-3 is-cropped wp-block-gallery-4 is-layout-flex wp-block-gallery-is-layout-flex\"><li class=\"blocks-gallery-item\"><figure><img decoding=\"async\" loading=\"lazy\" width=\"576\" height=\"1024\" src=\"http:\/\/institutviladomat.cat\/portfoli\/15onatarragon\/wp-content\/uploads\/sites\/46\/2019\/04\/IMG_20190402_113859_469-576x1024.jpg\" alt=\"\" data-id=\"655\" data-link=\"http:\/\/institutviladomat.cat\/portfoli\/15onatarragon\/2019\/04\/05\/italia-dia-2\/img_20190402_113859_469\/\" class=\"wp-image-655\" srcset=\"https:\/\/institutviladomat.cat\/portfoli\/15onatarragon\/wp-content\/uploads\/sites\/46\/2019\/04\/IMG_20190402_113859_469-576x1024.jpg 576w, https:\/\/institutviladomat.cat\/portfoli\/15onatarragon\/wp-content\/uploads\/sites\/46\/2019\/04\/IMG_20190402_113859_469-169x300.jpg 169w, https:\/\/institutviladomat.cat\/portfoli\/15onatarragon\/wp-content\/uploads\/sites\/46\/2019\/04\/IMG_20190402_113859_469-508x903.jpg 508w, https:\/\/institutviladomat.cat\/portfoli\/15onatarragon\/wp-content\/uploads\/sites\/46\/2019\/04\/IMG_20190402_113859_469.jpg 720w\" sizes=\"(max-width: 576px) 100vw, 576px\" \/><\/figure><\/li><li class=\"blocks-gallery-item\"><figure><img decoding=\"async\" loading=\"lazy\" width=\"576\" height=\"1024\" src=\"http:\/\/institutviladomat.cat\/portfoli\/15onatarragon\/wp-content\/uploads\/sites\/46\/2019\/04\/IMG_20190402_115035_630-576x1024.jpg\" alt=\"\" data-id=\"657\" data-link=\"http:\/\/institutviladomat.cat\/portfoli\/15onatarragon\/2019\/04\/05\/italia-dia-2\/img_20190402_115035_630\/\" class=\"wp-image-657\" srcset=\"https:\/\/institutviladomat.cat\/portfoli\/15onatarragon\/wp-content\/uploads\/sites\/46\/2019\/04\/IMG_20190402_115035_630-576x1024.jpg 576w, https:\/\/institutviladomat.cat\/portfoli\/15onatarragon\/wp-content\/uploads\/sites\/46\/2019\/04\/IMG_20190402_115035_630-169x300.jpg 169w, https:\/\/institutviladomat.cat\/portfoli\/15onatarragon\/wp-content\/uploads\/sites\/46\/2019\/04\/IMG_20190402_115035_630-508x903.jpg 508w, https:\/\/institutviladomat.cat\/portfoli\/15onatarragon\/wp-content\/uploads\/sites\/46\/2019\/04\/IMG_20190402_115035_630.jpg 720w\" sizes=\"(max-width: 576px) 100vw, 576px\" \/><figcaption>Ponte Vecchio<\/figcaption><\/figure><\/li><li class=\"blocks-gallery-item\"><figure><img decoding=\"async\" loading=\"lazy\" width=\"576\" height=\"1024\" src=\"http:\/\/institutviladomat.cat\/portfoli\/15onatarragon\/wp-content\/uploads\/sites\/46\/2019\/04\/IMG_20190402_113909_651-1-576x1024.jpg\" alt=\"\" data-id=\"658\" data-link=\"http:\/\/institutviladomat.cat\/portfoli\/15onatarragon\/2019\/04\/05\/italia-dia-2\/img_20190402_113909_651-1\/\" class=\"wp-image-658\" srcset=\"https:\/\/institutviladomat.cat\/portfoli\/15onatarragon\/wp-content\/uploads\/sites\/46\/2019\/04\/IMG_20190402_113909_651-1-576x1024.jpg 576w, https:\/\/institutviladomat.cat\/portfoli\/15onatarragon\/wp-content\/uploads\/sites\/46\/2019\/04\/IMG_20190402_113909_651-1-169x300.jpg 169w, https:\/\/institutviladomat.cat\/portfoli\/15onatarragon\/wp-content\/uploads\/sites\/46\/2019\/04\/IMG_20190402_113909_651-1-508x903.jpg 508w, https:\/\/institutviladomat.cat\/portfoli\/15onatarragon\/wp-content\/uploads\/sites\/46\/2019\/04\/IMG_20190402_113909_651-1.jpg 720w\" sizes=\"(max-width: 576px) 100vw, 576px\" \/><\/figure><\/li><\/ul>\n\n\n\n<p>La seg\u00fcent parada fou al Palazzo Pitti que, si ja per fora deixava a qualsevol sense paraules, per dins et quedaves meravellat pels immensos jardins que posse\u00efa. Nom\u00e9s calia imaginar-se als italians del 1458 (l&#8217;any en qu\u00e8 es va construir el palau) bocabadats davant d&#8217;aquell verd per adonar-se del poder de la fam\u00edlia Pitti. <\/p>\n\n\n\n<ul class=\"wp-block-gallery columns-1 is-cropped wp-block-gallery-5 is-layout-flex wp-block-gallery-is-layout-flex\"><li class=\"blocks-gallery-item\"><figure><img decoding=\"async\" loading=\"lazy\" width=\"1024\" height=\"576\" src=\"http:\/\/institutviladomat.cat\/portfoli\/15onatarragon\/wp-content\/uploads\/sites\/46\/2019\/04\/IMG_20190402_121147_080-1-e1554547833287-1024x576.jpg\" alt=\"\" data-id=\"662\" data-link=\"http:\/\/institutviladomat.cat\/portfoli\/15onatarragon\/2019\/04\/05\/italia-dia-2\/img_20190402_121147_080-1\/\" class=\"wp-image-662\" srcset=\"https:\/\/institutviladomat.cat\/portfoli\/15onatarragon\/wp-content\/uploads\/sites\/46\/2019\/04\/IMG_20190402_121147_080-1-e1554547833287-1024x576.jpg 1024w, https:\/\/institutviladomat.cat\/portfoli\/15onatarragon\/wp-content\/uploads\/sites\/46\/2019\/04\/IMG_20190402_121147_080-1-e1554547833287-300x169.jpg 300w, https:\/\/institutviladomat.cat\/portfoli\/15onatarragon\/wp-content\/uploads\/sites\/46\/2019\/04\/IMG_20190402_121147_080-1-e1554547833287-508x286.jpg 508w, https:\/\/institutviladomat.cat\/portfoli\/15onatarragon\/wp-content\/uploads\/sites\/46\/2019\/04\/IMG_20190402_121147_080-1-e1554547833287-768x432.jpg 768w, https:\/\/institutviladomat.cat\/portfoli\/15onatarragon\/wp-content\/uploads\/sites\/46\/2019\/04\/IMG_20190402_121147_080-1-e1554547833287-973x547.jpg 973w, https:\/\/institutviladomat.cat\/portfoli\/15onatarragon\/wp-content\/uploads\/sites\/46\/2019\/04\/IMG_20190402_121147_080-1-e1554547833287.jpg 1280w\" sizes=\"(max-width: 1024px) 100vw, 1024px\" \/><figcaption>Selfie al Palazzo Pitti <br>(Vam n\u00e9ixer fotog\u00e8nics)<\/figcaption><\/figure><\/li><\/ul>\n\n\n\n<ul class=\"wp-block-gallery columns-1 is-cropped wp-block-gallery-6 is-layout-flex wp-block-gallery-is-layout-flex\"><li class=\"blocks-gallery-item\"><figure><img decoding=\"async\" loading=\"lazy\" width=\"1024\" height=\"768\" src=\"http:\/\/institutviladomat.cat\/portfoli\/15onatarragon\/wp-content\/uploads\/sites\/46\/2019\/04\/IMG-20190402-WA0004-1024x768.jpg\" alt=\"\" data-id=\"661\" data-link=\"http:\/\/institutviladomat.cat\/portfoli\/15onatarragon\/2019\/04\/05\/italia-dia-2\/img-20190402-wa0004\/\" class=\"wp-image-661\" srcset=\"https:\/\/institutviladomat.cat\/portfoli\/15onatarragon\/wp-content\/uploads\/sites\/46\/2019\/04\/IMG-20190402-WA0004.jpg 1024w, https:\/\/institutviladomat.cat\/portfoli\/15onatarragon\/wp-content\/uploads\/sites\/46\/2019\/04\/IMG-20190402-WA0004-300x225.jpg 300w, https:\/\/institutviladomat.cat\/portfoli\/15onatarragon\/wp-content\/uploads\/sites\/46\/2019\/04\/IMG-20190402-WA0004-768x576.jpg 768w, https:\/\/institutviladomat.cat\/portfoli\/15onatarragon\/wp-content\/uploads\/sites\/46\/2019\/04\/IMG-20190402-WA0004-973x730.jpg 973w, https:\/\/institutviladomat.cat\/portfoli\/15onatarragon\/wp-content\/uploads\/sites\/46\/2019\/04\/IMG-20190402-WA0004-508x381.jpg 508w\" sizes=\"(max-width: 1024px) 100vw, 1024px\" \/><figcaption>Foto als jardins <\/figcaption><\/figure><\/li><\/ul>\n\n\n\n<p>Despr\u00e9s de visitar tots aquests monuments v\u00e0rem anar a dinar. He de dir que no vam encertar gaire el lloc per\u00f2 ho vam resoldre anant a la MILLOR gelateria de la ciutat, per no dir del m\u00f3n sencer. <\/p>\n\n\n\n<ul class=\"wp-block-gallery columns-1 is-cropped wp-block-gallery-7 is-layout-flex wp-block-gallery-is-layout-flex\"><li class=\"blocks-gallery-item\"><figure><img decoding=\"async\" loading=\"lazy\" width=\"768\" height=\"1024\" src=\"http:\/\/institutviladomat.cat\/portfoli\/15onatarragon\/wp-content\/uploads\/sites\/46\/2019\/04\/GELAT-BRUTALMENT-BO-768x1024.jpg\" alt=\"\" data-id=\"664\" data-link=\"http:\/\/institutviladomat.cat\/portfoli\/15onatarragon\/2019\/04\/05\/italia-dia-2\/gelat-brutalment-bo\/\" class=\"wp-image-664\" srcset=\"https:\/\/institutviladomat.cat\/portfoli\/15onatarragon\/wp-content\/uploads\/sites\/46\/2019\/04\/GELAT-BRUTALMENT-BO.jpg 768w, https:\/\/institutviladomat.cat\/portfoli\/15onatarragon\/wp-content\/uploads\/sites\/46\/2019\/04\/GELAT-BRUTALMENT-BO-225x300.jpg 225w, https:\/\/institutviladomat.cat\/portfoli\/15onatarragon\/wp-content\/uploads\/sites\/46\/2019\/04\/GELAT-BRUTALMENT-BO-508x677.jpg 508w\" sizes=\"(max-width: 768px) 100vw, 768px\" \/><figcaption>Gelat brutalment bo<\/figcaption><\/figure><\/li><\/ul>\n\n\n\n<p>Finalment vam anar-nos-en a prendre el sol en una pla\u00e7a i quan va ser l&#8217;hora vam dirigir-nos a l&#8217;autocar. Aquest ens va portar fins a la Piazzale Michelangelo, un mirador des del qual podies admirar tota la bellesa de Flor\u00e8ncia. Per si no n&#8217;hi hagu\u00e9s prou, hi havia un m\u00fasic tocant el viol\u00ed que donava un ambient rom\u00e0ntic a aquell indret. Crec que si no fos pels turistes, aquella placeta seria, sense cap dubte, el lloc amb m\u00e9s declaracions d&#8217;amor de tota It\u00e0lia. <\/p>\n\n\n\n<ul class=\"wp-block-gallery columns-2 is-cropped wp-block-gallery-8 is-layout-flex wp-block-gallery-is-layout-flex\"><li class=\"blocks-gallery-item\"><figure><img decoding=\"async\" loading=\"lazy\" width=\"576\" height=\"1024\" src=\"http:\/\/institutviladomat.cat\/portfoli\/15onatarragon\/wp-content\/uploads\/sites\/46\/2019\/04\/IMG_20190402_180605_578-576x1024.jpg\" alt=\"\" data-id=\"666\" data-link=\"http:\/\/institutviladomat.cat\/portfoli\/15onatarragon\/2019\/04\/05\/italia-dia-2\/img_20190402_180605_578\/\" class=\"wp-image-666\" srcset=\"https:\/\/institutviladomat.cat\/portfoli\/15onatarragon\/wp-content\/uploads\/sites\/46\/2019\/04\/IMG_20190402_180605_578-576x1024.jpg 576w, https:\/\/institutviladomat.cat\/portfoli\/15onatarragon\/wp-content\/uploads\/sites\/46\/2019\/04\/IMG_20190402_180605_578-169x300.jpg 169w, https:\/\/institutviladomat.cat\/portfoli\/15onatarragon\/wp-content\/uploads\/sites\/46\/2019\/04\/IMG_20190402_180605_578-508x903.jpg 508w, https:\/\/institutviladomat.cat\/portfoli\/15onatarragon\/wp-content\/uploads\/sites\/46\/2019\/04\/IMG_20190402_180605_578.jpg 720w\" sizes=\"(max-width: 576px) 100vw, 576px\" \/><figcaption>Vistes des del mirador<\/figcaption><\/figure><\/li><li class=\"blocks-gallery-item\"><figure><img decoding=\"async\" loading=\"lazy\" width=\"1024\" height=\"576\" src=\"http:\/\/institutviladomat.cat\/portfoli\/15onatarragon\/wp-content\/uploads\/sites\/46\/2019\/04\/IMG_20190402_180614_412-e1554568057197-1024x576.jpg\" alt=\"\" data-id=\"667\" data-link=\"http:\/\/institutviladomat.cat\/portfoli\/15onatarragon\/2019\/04\/05\/italia-dia-2\/img_20190402_180614_412\/\" class=\"wp-image-667\" srcset=\"https:\/\/institutviladomat.cat\/portfoli\/15onatarragon\/wp-content\/uploads\/sites\/46\/2019\/04\/IMG_20190402_180614_412-e1554568057197-1024x576.jpg 1024w, https:\/\/institutviladomat.cat\/portfoli\/15onatarragon\/wp-content\/uploads\/sites\/46\/2019\/04\/IMG_20190402_180614_412-e1554568057197-300x169.jpg 300w, https:\/\/institutviladomat.cat\/portfoli\/15onatarragon\/wp-content\/uploads\/sites\/46\/2019\/04\/IMG_20190402_180614_412-e1554568057197-508x286.jpg 508w, https:\/\/institutviladomat.cat\/portfoli\/15onatarragon\/wp-content\/uploads\/sites\/46\/2019\/04\/IMG_20190402_180614_412-e1554568057197-768x432.jpg 768w, https:\/\/institutviladomat.cat\/portfoli\/15onatarragon\/wp-content\/uploads\/sites\/46\/2019\/04\/IMG_20190402_180614_412-e1554568057197-973x547.jpg 973w, https:\/\/institutviladomat.cat\/portfoli\/15onatarragon\/wp-content\/uploads\/sites\/46\/2019\/04\/IMG_20190402_180614_412-e1554568057197.jpg 1280w\" sizes=\"(max-width: 1024px) 100vw, 1024px\" \/><figcaption>Piazzale Michelangelo<\/figcaption><\/figure><\/li><\/ul>\n\n\n\n<p>Va ser despr\u00e9s d&#8217;aix\u00f2 que vam tornar a pujar a l&#8217;autocar per anar, altre cop, a Montecatini. <\/p>\n\n\n\n<p>I va ser un cop a l&#8217;hotel que la metxa de la bomba es va encendre.<\/p>\n","protected":false},"excerpt":{"rendered":"<p>El segon dia a It\u00e0lia ens v\u00e0rem despertar a Montecatini Terme sense haver dormit tampoc gaire estona. El primer que v\u00e0rem fer va ser vestir-nos i baixar a&#8230;<\/p>\n","protected":false},"author":48,"featured_media":641,"comment_status":"open","ping_status":"open","sticky":false,"template":"","format":"standard","meta":{"footnotes":""},"categories":[1],"tags":[148,150,147,145,146],"_links":{"self":[{"href":"https:\/\/institutviladomat.cat\/portfoli\/15onatarragon\/wp-json\/wp\/v2\/posts\/637"}],"collection":[{"href":"https:\/\/institutviladomat.cat\/portfoli\/15onatarragon\/wp-json\/wp\/v2\/posts"}],"about":[{"href":"https:\/\/institutviladomat.cat\/portfoli\/15onatarragon\/wp-json\/wp\/v2\/types\/post"}],"author":[{"embeddable":true,"href":"https:\/\/institutviladomat.cat\/portfoli\/15onatarragon\/wp-json\/wp\/v2\/users\/48"}],"replies":[{"embeddable":true,"href":"https:\/\/institutviladomat.cat\/portfoli\/15onatarragon\/wp-json\/wp\/v2\/comments?post=637"}],"version-history":[{"count":7,"href":"https:\/\/institutviladomat.cat\/portfoli\/15onatarragon\/wp-json\/wp\/v2\/posts\/637\/revisions"}],"predecessor-version":[{"id":668,"href":"https:\/\/institutviladomat.cat\/portfoli\/15onatarragon\/wp-json\/wp\/v2\/posts\/637\/revisions\/668"}],"wp:featuredmedia":[{"embeddable":true,"href":"https:\/\/institutviladomat.cat\/portfoli\/15onatarragon\/wp-json\/wp\/v2\/media\/641"}],"wp:attachment":[{"href":"https:\/\/institutviladomat.cat\/portfoli\/15onatarragon\/wp-json\/wp\/v2\/media?parent=637"}],"wp:term":[{"taxonomy":"category","embeddable":true,"href":"https:\/\/institutviladomat.cat\/portfoli\/15onatarragon\/wp-json\/wp\/v2\/categories?post=637"},{"taxonomy":"post_tag","embeddable":true,"href":"https:\/\/institutviladomat.cat\/portfoli\/15onatarragon\/wp-json\/wp\/v2\/tags?post=637"}],"curies":[{"name":"wp","href":"https:\/\/api.w.org\/{rel}","templated":true}]}}