{"id":12,"date":"2016-09-21T06:56:55","date_gmt":"2016-09-21T06:56:55","guid":{"rendered":"http:\/\/institutviladomat.cat\/portfoli\/15selenemarti\/?p=12"},"modified":"2016-09-21T06:56:55","modified_gmt":"2016-09-21T06:56:55","slug":"sa_la-volta-al-mon-80-dies","status":"publish","type":"post","link":"https:\/\/institutviladomat.cat\/portfoli\/15selenemarti\/2016\/09\/21\/sa_la-volta-al-mon-80-dies\/","title":{"rendered":"SA_la volta al m\u00f3n 80 dies"},"content":{"rendered":"<p>Al principi de la situaci\u00f3, vem llegir un resum de La volta al m\u00f3n en 80 dies. Durant la situaci\u00f3 vem fer climogrames, biomes, presentacions sobre per on va pasar Philleas Fogg i La volta al m\u00f3n en 80 dies, la biograf\u00eda de Verne i un itinerari de Philleas Fogg.<\/p>\n","protected":false},"excerpt":{"rendered":"<p>Al principi de la situaci\u00f3, vem llegir un resum de La volta al m\u00f3n en 80 dies. Durant la situaci\u00f3<\/p>\n","protected":false},"author":25,"featured_media":0,"comment_status":"open","ping_status":"open","sticky":false,"template":"","format":"standard","meta":{"footnotes":""},"categories":[1],"tags":[],"_links":{"self":[{"href":"https:\/\/institutviladomat.cat\/portfoli\/15selenemarti\/wp-json\/wp\/v2\/posts\/12"}],"collection":[{"href":"https:\/\/institutviladomat.cat\/portfoli\/15selenemarti\/wp-json\/wp\/v2\/posts"}],"about":[{"href":"https:\/\/institutviladomat.cat\/portfoli\/15selenemarti\/wp-json\/wp\/v2\/types\/post"}],"author":[{"embeddable":true,"href":"https:\/\/institutviladomat.cat\/portfoli\/15selenemarti\/wp-json\/wp\/v2\/users\/25"}],"replies":[{"embeddable":true,"href":"https:\/\/institutviladomat.cat\/portfoli\/15selenemarti\/wp-json\/wp\/v2\/comments?post=12"}],"version-history":[{"count":1,"href":"https:\/\/institutviladomat.cat\/portfoli\/15selenemarti\/wp-json\/wp\/v2\/posts\/12\/revisions"}],"predecessor-version":[{"id":13,"href":"https:\/\/institutviladomat.cat\/portfoli\/15selenemarti\/wp-json\/wp\/v2\/posts\/12\/revisions\/13"}],"wp:attachment":[{"href":"https:\/\/institutviladomat.cat\/portfoli\/15selenemarti\/wp-json\/wp\/v2\/media?parent=12"}],"wp:term":[{"taxonomy":"category","embeddable":true,"href":"https:\/\/institutviladomat.cat\/portfoli\/15selenemarti\/wp-json\/wp\/v2\/categories?post=12"},{"taxonomy":"post_tag","embeddable":true,"href":"https:\/\/institutviladomat.cat\/portfoli\/15selenemarti\/wp-json\/wp\/v2\/tags?post=12"}],"curies":[{"name":"wp","href":"https:\/\/api.w.org\/{rel}","templated":true}]}}