{"id":124,"date":"2018-03-22T22:06:14","date_gmt":"2018-03-22T22:06:14","guid":{"rendered":"http:\/\/institutviladomat.cat\/portfoli\/15selenemarti\/?p=124"},"modified":"2018-03-23T16:56:49","modified_gmt":"2018-03-23T16:56:49","slug":"peli-the-theory-of-everything","status":"publish","type":"post","link":"https:\/\/institutviladomat.cat\/portfoli\/15selenemarti\/2018\/03\/22\/peli-the-theory-of-everything\/","title":{"rendered":"Peli the theory of everything"},"content":{"rendered":"<p>Avui dilluns 18 de desembre hem vist les dues primeres hores la pel\u00edcula de &#8220;The theory of everything&#8221;. La peli va sobre la vida del cient\u00edfic Stephen hawking. Explica una mica quan est\u00e0 a la universitat, quan coneix a la seva dona, es casa, t\u00e9 tres fills, com es separa de la seva dona i coneix a una altre,&#8230; Per\u00f2 sobretot explica qui va ser i qu\u00e8 va fer. Les seves teories, els seus pensaments,&#8230; A mi personalment hem va agradar bastant. Va estar b\u00e9 la pel\u00edcula. \u00c9s bonica i t\u00e9 bastants missatges com que encara que alg\u00fa t\u00e9 algun problema, pot ser brillant i destacar en habilitats, que no t&#8217;has de rendir encara que perdis mobilitat en el moviment o en el parlar.<\/p>\n","protected":false},"excerpt":{"rendered":"<p>Avui dilluns 18 de desembre hem vist les dues primeres hores la pel\u00edcula de &#8220;The theory of everything&#8221;. La peli<\/p>\n","protected":false},"author":25,"featured_media":166,"comment_status":"open","ping_status":"open","sticky":false,"template":"","format":"standard","meta":{"footnotes":""},"categories":[16,17,1],"tags":[24],"_links":{"self":[{"href":"https:\/\/institutviladomat.cat\/portfoli\/15selenemarti\/wp-json\/wp\/v2\/posts\/124"}],"collection":[{"href":"https:\/\/institutviladomat.cat\/portfoli\/15selenemarti\/wp-json\/wp\/v2\/posts"}],"about":[{"href":"https:\/\/institutviladomat.cat\/portfoli\/15selenemarti\/wp-json\/wp\/v2\/types\/post"}],"author":[{"embeddable":true,"href":"https:\/\/institutviladomat.cat\/portfoli\/15selenemarti\/wp-json\/wp\/v2\/users\/25"}],"replies":[{"embeddable":true,"href":"https:\/\/institutviladomat.cat\/portfoli\/15selenemarti\/wp-json\/wp\/v2\/comments?post=124"}],"version-history":[{"count":3,"href":"https:\/\/institutviladomat.cat\/portfoli\/15selenemarti\/wp-json\/wp\/v2\/posts\/124\/revisions"}],"predecessor-version":[{"id":168,"href":"https:\/\/institutviladomat.cat\/portfoli\/15selenemarti\/wp-json\/wp\/v2\/posts\/124\/revisions\/168"}],"wp:featuredmedia":[{"embeddable":true,"href":"https:\/\/institutviladomat.cat\/portfoli\/15selenemarti\/wp-json\/wp\/v2\/media\/166"}],"wp:attachment":[{"href":"https:\/\/institutviladomat.cat\/portfoli\/15selenemarti\/wp-json\/wp\/v2\/media?parent=124"}],"wp:term":[{"taxonomy":"category","embeddable":true,"href":"https:\/\/institutviladomat.cat\/portfoli\/15selenemarti\/wp-json\/wp\/v2\/categories?post=124"},{"taxonomy":"post_tag","embeddable":true,"href":"https:\/\/institutviladomat.cat\/portfoli\/15selenemarti\/wp-json\/wp\/v2\/tags?post=124"}],"curies":[{"name":"wp","href":"https:\/\/api.w.org\/{rel}","templated":true}]}}