{"id":132,"date":"2018-03-02T11:03:37","date_gmt":"2018-03-02T11:03:37","guid":{"rendered":"http:\/\/institutviladomat.cat\/portfoli\/15selenemarti\/?p=132"},"modified":"2018-03-22T22:00:38","modified_gmt":"2018-03-22T22:00:38","slug":"carnaval-2018","status":"publish","type":"post","link":"https:\/\/institutviladomat.cat\/portfoli\/15selenemarti\/2018\/03\/02\/carnaval-2018\/","title":{"rendered":"Carnaval 2018"},"content":{"rendered":"<p>El divendres 9 de febrer vem celebrar el carnaval. Les tres primeres hores del dia vam fer classe normal, despr\u00e9s vem decorar la classe, vam preparar el &#8220;pica pica&#8221; y ens vam disfressar. Cada classe es decorava d&#8217;un tema diferent. A tercer, la classe del A la va decorar de l&#8217;espai. Estava bastant ben decorada, sobretot perqu\u00e8 van utilitzar colors fluorescents de colors que brillen a la foscor. La meva classe, la del B, vem decorar la classe del fons del mar. Vam fer diferents tipus de peixos y amb un fil els vam penjar del sostre. Tamb\u00e9 vam tapar els fluorescents de llum i alguna finestra amb paper blau amb la idea de que la llum que iluminava la calsse fos blava i don\u00e9s l&#8217;afecte de mar. I la classe de tercer C, va ser decorada de cinema, van posar un video a la pissara que representava la peli i les cadires les van posar com en un cinema. Va estar divertit. Cadasc\u00fa a la seva classe possava m\u00fasica, ballavem, menjavem, ens reiem, &#8230; Despr\u00e9s, venia el jurat. Un conjunt de persones de tots els cursos i del professorat que s&#8217;encarregaven d&#8217;anar aula per aula observant les classes com estaven decorades i tamb\u00e9 en tots els alumnes que anavem disfrassats. Aix\u00f2 ho feien perqu\u00e8 despr\u00e9s havien de triar els guanyadors a la disfressa m\u00e9s original, a la m\u00e9s treballada, etc&#8230; A part, tamb\u00e9 havien d&#8217;escollir la classe millor decorada.<\/p>\n<p>M\u00e9s tard, vam sortir ja al pati, on es va realitzar una desfilada de disfresses i la gent veia com s&#8217;havien disfrassat els dem\u00e9s. Vam estar esperant despr\u00e9s de desfilar, fins que el jurat va agafar el micr\u00f2fon i va comen\u00e7ar a dir les classes guanyadores i els guanyadors de disfresses. Va guanyar bastanta gent, entre elles l&#8217;Ona i jo. Ella anava d&#8217;angel i jo de dimoni. Juntes feiem el conjunt i el contrast d&#8217;una cosa a l&#8217;altre. Es veu que els hi va agradar la idea i la van veure original. Ens van regalar xuxes, estavem bastant contentes peru\u00e8 ja \u00e9s el segon any que guanyem al concurs de disfressa&#8230; I ja tenim pensada la disfressa de l&#8217;any que ve. Crec que es bastant original i pot queda molt maca.<\/p>\n<p>&nbsp;<\/p>\n<p><img decoding=\"async\" loading=\"lazy\" class=\"alignnone wp-image-145\" src=\"http:\/\/institutviladomat.cat\/portfoli\/15selenemarti\/wp-content\/uploads\/sites\/23\/2018\/03\/39527653664_9d4b911755_z-300x200.jpg\" alt=\"\" width=\"349\" height=\"235\" \/><\/p>\n<p>&nbsp;<\/p>\n<p><img decoding=\"async\" loading=\"lazy\" class=\"alignnone wp-image-146\" src=\"http:\/\/institutviladomat.cat\/portfoli\/15selenemarti\/wp-content\/uploads\/sites\/23\/2018\/03\/40205543292_6867e8e8c3_z-300x200.jpg\" alt=\"\" width=\"350\" height=\"236\" \/><\/p>\n<p>&nbsp;<\/p>\n<p><img decoding=\"async\" loading=\"lazy\" class=\"alignnone wp-image-143\" src=\"http:\/\/institutviladomat.cat\/portfoli\/15selenemarti\/wp-content\/uploads\/sites\/23\/2018\/03\/39340944355_71a1675b3a_z-300x200.jpg\" alt=\"\" width=\"345\" height=\"234\" \/><\/p>\n<p>&nbsp;<\/p>\n<p>&nbsp;<\/p>\n","protected":false},"excerpt":{"rendered":"<p>El divendres 9 de febrer vem celebrar el carnaval. Les tres primeres hores del dia vam fer classe normal, despr\u00e9s<\/p>\n","protected":false},"author":25,"featured_media":147,"comment_status":"open","ping_status":"open","sticky":false,"template":"","format":"standard","meta":{"footnotes":""},"categories":[19,17,1],"tags":[23],"_links":{"self":[{"href":"https:\/\/institutviladomat.cat\/portfoli\/15selenemarti\/wp-json\/wp\/v2\/posts\/132"}],"collection":[{"href":"https:\/\/institutviladomat.cat\/portfoli\/15selenemarti\/wp-json\/wp\/v2\/posts"}],"about":[{"href":"https:\/\/institutviladomat.cat\/portfoli\/15selenemarti\/wp-json\/wp\/v2\/types\/post"}],"author":[{"embeddable":true,"href":"https:\/\/institutviladomat.cat\/portfoli\/15selenemarti\/wp-json\/wp\/v2\/users\/25"}],"replies":[{"embeddable":true,"href":"https:\/\/institutviladomat.cat\/portfoli\/15selenemarti\/wp-json\/wp\/v2\/comments?post=132"}],"version-history":[{"count":5,"href":"https:\/\/institutviladomat.cat\/portfoli\/15selenemarti\/wp-json\/wp\/v2\/posts\/132\/revisions"}],"predecessor-version":[{"id":149,"href":"https:\/\/institutviladomat.cat\/portfoli\/15selenemarti\/wp-json\/wp\/v2\/posts\/132\/revisions\/149"}],"wp:featuredmedia":[{"embeddable":true,"href":"https:\/\/institutviladomat.cat\/portfoli\/15selenemarti\/wp-json\/wp\/v2\/media\/147"}],"wp:attachment":[{"href":"https:\/\/institutviladomat.cat\/portfoli\/15selenemarti\/wp-json\/wp\/v2\/media?parent=132"}],"wp:term":[{"taxonomy":"category","embeddable":true,"href":"https:\/\/institutviladomat.cat\/portfoli\/15selenemarti\/wp-json\/wp\/v2\/categories?post=132"},{"taxonomy":"post_tag","embeddable":true,"href":"https:\/\/institutviladomat.cat\/portfoli\/15selenemarti\/wp-json\/wp\/v2\/tags?post=132"}],"curies":[{"name":"wp","href":"https:\/\/api.w.org\/{rel}","templated":true}]}}