{"id":15,"date":"2016-09-21T07:07:40","date_gmt":"2016-09-21T07:07:40","guid":{"rendered":"http:\/\/institutviladomat.cat\/portfoli\/15selenemarti\/?p=15"},"modified":"2016-09-21T07:07:40","modified_gmt":"2016-09-21T07:07:40","slug":"sa_setmana-de-la-pau","status":"publish","type":"post","link":"https:\/\/institutviladomat.cat\/portfoli\/15selenemarti\/2016\/09\/21\/sa_setmana-de-la-pau\/","title":{"rendered":"SA_Setmana de la pau"},"content":{"rendered":"<p>La setmana del 25 al 31 de gener, vem treballar el dia de la Pau. Durant tota la setmana, ens van repartir amb els companys del institut de les antigues escoles. Vem treballar la Neus Catal\u00e0, l&#8217;Estela de Carlotto, l&#8217;Emmeline Panhkurst, la Rosa Parks i la Shrin Ebadi.<\/p>\n<p>Els de la meva escola, el Diputaci\u00f3, vem treballar l&#8217;Estela de Cartlotto. Vem veure una peli, despres vem optenir informaci\u00f3 i vam parlar d&#8217;ella, al tenir tota la informaci\u00f3 necessaria, vem fer una presentaci\u00f3 per grups i el 29 de gener, vem anar a les escoles a explicarlis als de 6\u00e8 sobre el personatge que habiem treballat i que tenia que veure amb el dia de la Pau.<\/p>\n","protected":false},"excerpt":{"rendered":"<p>La setmana del 25 al 31 de gener, vem treballar el dia de la Pau. Durant tota la setmana, ens<\/p>\n","protected":false},"author":25,"featured_media":0,"comment_status":"open","ping_status":"open","sticky":false,"template":"","format":"standard","meta":{"footnotes":""},"categories":[1],"tags":[],"_links":{"self":[{"href":"https:\/\/institutviladomat.cat\/portfoli\/15selenemarti\/wp-json\/wp\/v2\/posts\/15"}],"collection":[{"href":"https:\/\/institutviladomat.cat\/portfoli\/15selenemarti\/wp-json\/wp\/v2\/posts"}],"about":[{"href":"https:\/\/institutviladomat.cat\/portfoli\/15selenemarti\/wp-json\/wp\/v2\/types\/post"}],"author":[{"embeddable":true,"href":"https:\/\/institutviladomat.cat\/portfoli\/15selenemarti\/wp-json\/wp\/v2\/users\/25"}],"replies":[{"embeddable":true,"href":"https:\/\/institutviladomat.cat\/portfoli\/15selenemarti\/wp-json\/wp\/v2\/comments?post=15"}],"version-history":[{"count":1,"href":"https:\/\/institutviladomat.cat\/portfoli\/15selenemarti\/wp-json\/wp\/v2\/posts\/15\/revisions"}],"predecessor-version":[{"id":16,"href":"https:\/\/institutviladomat.cat\/portfoli\/15selenemarti\/wp-json\/wp\/v2\/posts\/15\/revisions\/16"}],"wp:attachment":[{"href":"https:\/\/institutviladomat.cat\/portfoli\/15selenemarti\/wp-json\/wp\/v2\/media?parent=15"}],"wp:term":[{"taxonomy":"category","embeddable":true,"href":"https:\/\/institutviladomat.cat\/portfoli\/15selenemarti\/wp-json\/wp\/v2\/categories?post=15"},{"taxonomy":"post_tag","embeddable":true,"href":"https:\/\/institutviladomat.cat\/portfoli\/15selenemarti\/wp-json\/wp\/v2\/tags?post=15"}],"curies":[{"name":"wp","href":"https:\/\/api.w.org\/{rel}","templated":true}]}}