{"id":156,"date":"2018-03-14T19:26:53","date_gmt":"2018-03-14T19:26:53","guid":{"rendered":"http:\/\/institutviladomat.cat\/portfoli\/15selenemarti\/?p=156"},"modified":"2018-03-23T16:59:06","modified_gmt":"2018-03-23T16:59:06","slug":"nikola-tesla","status":"publish","type":"post","link":"https:\/\/institutviladomat.cat\/portfoli\/15selenemarti\/2018\/03\/14\/nikola-tesla\/","title":{"rendered":"Nikola Tesla"},"content":{"rendered":"<p>Nikola Tesla va ser un inventor, un ingenier mec\u00e0nic el\u00e8ctric i f\u00edsic d&#8217;origen serbi 12. Es coneix per tots els seus invents en el camp d&#8217;electromagnetisme, desenvolupades entre finals del segle XIX i principis del segle XX.<\/p>\n<p>Va neixer el 10 de juliol de 1856, a Smiljan, Croacia i va murir el 7 de gener de 1943 al\u00a0Wyndham New Yorker Hotel, a Nueva York.<\/p>\n<p>Al tenir 17 anys, Nikola Tesla va ser infectat per el colera. Es va curar encara que li va costar.\u00a0 Poc temps avans, el pare li va prometre que li enviaria a una escola d&#8217;ingenieria. Despr\u00e9s del pas per l&#8217;egercit, va ingresa en la Universitat Polit\u00e8cnica de Graz, a Australia.<\/p>\n<p>All\u00e0 va comen\u00e7ar a treballar la idea d&#8217;idear una forma per que l&#8217;energia gratuita arribes a tot el m\u00f3n, l&#8217;idea que li va marcar la vida,<\/p>\n<p>Despr\u00e9s d&#8217;estudiar a Graz, s&#8217;en va anar fins a Viena, on va treballar a la Companyia Nacional Telef\u00f2nica l&#8217;any 1881. M\u00e9s tard es va traslladar a Paris per acabar el seu periode europeu en Fran\u00e7a, all\u00e0 va comen\u00e7ar a treballar a la Companyia Edison.<\/p>\n<p>M\u00e9s tard, Tesla va comen\u00e7ar el seu viatge desde Paris fins a New York al 1884. El mateix dia de la seva arribada, va visitar les oficines de\u00a0Thomas Alva Edison. Li havia d&#8217;entregar una carta que recomenaci\u00f3 de\u00a0Charles Batchelor, el seu \u00faltim jefe a Europa.<\/p>\n<p>Va ser contractat aquell mateix dia per Edison, pero entre els dos tenien\u00a0 diferencies respecte al treball, en la forma de veure el resultat, &#8230;\u00a0 Aix\u00f2 amb el temps es va anar notant.<\/p>\n<p>Tesla estava conven\u00e7ut que la corrent el\u00e8ctrica alterna era una soluci\u00f3 millor a la d&#8217; Edison. La corrent el\u00e8ctrica consisteix en que la magnitud i sentit varien de forma s\u00edclica.<\/p>\n<p>El problema era que necessitava a Edison per implementar-la i all\u00e0 va ser quan es va desencadenar el conflicte entre ells dos. Edison defen\u00eda la seva fortuna, de cap manera anava a permetre que un extranger que acavava d&#8217;arribar li trei\u00e9s la fama.<\/p>\n<p>M\u00e9s tard, mentre estaven en conflicte, Tesla va con\u00e8ixer a un empresari que havia desplegat una red el\u00e8ctrica de corrent alterna a\u00a0Massachusetts, l&#8217;empresari\u00a0George Westinghouse. Li faltava una peza clau en el seu progecte perqu\u00e8 s&#8217;imposes de forma incontestable. Es tractava del motor d&#8217;inducci\u00f3, al qual Tesla ja havia inventat.<\/p>\n<p>Per les patents que tenia,\u00a0Westinghouse li va oferir 5.000 d\u00f2lars en efectiu, 55.000 d\u00f2lars en accions i 2,5 d\u00f2lars per cada caball depot\u00e8ncia que s&#8217;hagu\u00e9s generat en l&#8217;electricitat comercialitzada<\/p>\n<p>Si aquest negoci hagu\u00e9s arribat a funcionar, Tesla hagu\u00e9s sigut un dels homes m\u00e9s rics del m\u00f3n. Per\u00f2, per desgracia, no va ser aix\u00ed i no va funcionar.<\/p>\n<p>Mentre estan, entre finals del segle XIX i principis del segle XX, Edison no va deixar d&#8217;humillar i ridiculitzar a Tesla perqu\u00e8 tingu\u00e9s mala reputaci\u00f3. Li feia treballar arreglant problemes t\u00e8cnic durant divuit hores diaries de dilluns a diumenge. I tamb\u00e9, montava i feia &#8220;espectacles&#8221; sobre la corrent alterna perqu\u00e8 la gent penses que\u00a0 era perillosa i estiguessin en contra, per exemple un dels &#8220;trucs&#8221; de l&#8217;espectacle era aplicar descargues el\u00e8ctriques a animals, anuncian el seu \u00fas amb lla cadira el\u00e8ctrica, etc&#8230; Amb l&#8217;intenci\u00f3 de que la gent no volgu\u00e9s saber res.<\/p>\n<p>El punt d&#8217;inflexi\u00f3 va tenir lloc quan Tesla li va proposar a Edison la f\u00f2rmula per millorar el seu generador. Edson li va prometre que si ho conseguia li donaria 500 d\u00f2lars. Tesla va treballar bastant dur durant mesos fins que ho va conseguir.<\/p>\n<p>Ell va complir amb el pacte, per\u00f2 Edison no li va pagar lo que li havia prom\u00e9s i, a part d&#8217;aix\u00f2, es va burlar d&#8217;ell. Quan va acabar de burlar-se, Tesla es va despedir d&#8217;ell, despr\u00e9s d&#8217;aguantar-lo durant tan de temps i havia treballar dur durant anys amb una gran admiraci\u00f3 cap a ell.<\/p>\n<p>&nbsp;<\/p>\n<p>El seu progecte\u00a0 seg\u00fcent va ser crear el seu propi laboratori per impulsar un dels seus grans somnis. El de la transmisi\u00f3 d&#8217;energia i not\u00edcies sense necessitat d&#8217;utilitzar endolls<\/p>\n<p>&nbsp;<\/p>\n<p>Fons d&#8217;informaci\u00f3:<\/p>\n<p><a href=\"https:\/\/hipertextual.com\/2014\/07\/nikola-tesla-genios-historia\">https:\/\/hipertextual.com\/2014\/07\/nikola-tesla-genios-historia<\/a><\/p>\n","protected":false},"excerpt":{"rendered":"<p>Nikola Tesla va ser un inventor, un ingenier mec\u00e0nic el\u00e8ctric i f\u00edsic d&#8217;origen serbi 12. Es coneix per tots els<\/p>\n","protected":false},"author":25,"featured_media":169,"comment_status":"open","ping_status":"open","sticky":false,"template":"","format":"standard","meta":{"footnotes":""},"categories":[20,17,1],"tags":[21],"_links":{"self":[{"href":"https:\/\/institutviladomat.cat\/portfoli\/15selenemarti\/wp-json\/wp\/v2\/posts\/156"}],"collection":[{"href":"https:\/\/institutviladomat.cat\/portfoli\/15selenemarti\/wp-json\/wp\/v2\/posts"}],"about":[{"href":"https:\/\/institutviladomat.cat\/portfoli\/15selenemarti\/wp-json\/wp\/v2\/types\/post"}],"author":[{"embeddable":true,"href":"https:\/\/institutviladomat.cat\/portfoli\/15selenemarti\/wp-json\/wp\/v2\/users\/25"}],"replies":[{"embeddable":true,"href":"https:\/\/institutviladomat.cat\/portfoli\/15selenemarti\/wp-json\/wp\/v2\/comments?post=156"}],"version-history":[{"count":3,"href":"https:\/\/institutviladomat.cat\/portfoli\/15selenemarti\/wp-json\/wp\/v2\/posts\/156\/revisions"}],"predecessor-version":[{"id":246,"href":"https:\/\/institutviladomat.cat\/portfoli\/15selenemarti\/wp-json\/wp\/v2\/posts\/156\/revisions\/246"}],"wp:featuredmedia":[{"embeddable":true,"href":"https:\/\/institutviladomat.cat\/portfoli\/15selenemarti\/wp-json\/wp\/v2\/media\/169"}],"wp:attachment":[{"href":"https:\/\/institutviladomat.cat\/portfoli\/15selenemarti\/wp-json\/wp\/v2\/media?parent=156"}],"wp:term":[{"taxonomy":"category","embeddable":true,"href":"https:\/\/institutviladomat.cat\/portfoli\/15selenemarti\/wp-json\/wp\/v2\/categories?post=156"},{"taxonomy":"post_tag","embeddable":true,"href":"https:\/\/institutviladomat.cat\/portfoli\/15selenemarti\/wp-json\/wp\/v2\/tags?post=156"}],"curies":[{"name":"wp","href":"https:\/\/api.w.org\/{rel}","templated":true}]}}