{"id":174,"date":"2018-03-23T17:21:05","date_gmt":"2018-03-23T17:21:05","guid":{"rendered":"http:\/\/institutviladomat.cat\/portfoli\/15selenemarti\/?p=174"},"modified":"2018-03-23T17:23:32","modified_gmt":"2018-03-23T17:23:32","slug":"programa-sobre-canyes-i-petes","status":"publish","type":"post","link":"https:\/\/institutviladomat.cat\/portfoli\/15selenemarti\/2018\/03\/23\/programa-sobre-canyes-i-petes\/","title":{"rendered":"Programa Sobre Canyes i petes"},"content":{"rendered":"<p>Durant aquest trimestre, a classe de tutoria, els professors ens han estat parlant de canyes i petes. Ens han explicat una mica les situacions que podem vivir amb l&#8217;alcohol o el tabac aquestes edats que comencem a sortir de festa, amb amics,&#8230; Tamb\u00e9 hem fet un dossier amb activitats per saber m\u00e9s sobre el tema, se conscients de m\u00e9s coses i per plantejar-nos una mica que fariem i que passsaria en diferents situacions d&#8217;aquestes<\/p>\n<p>Est\u00e0 b\u00e9 que ens fasssin conscients de tot aix\u00f2 encara que a vegades feia una mica de mandra fer les activitats el dilluns a les 8 del mat\u00ed o el divendres a ultima hora. Per\u00f2 crec que ha fet conscient a gent perqu\u00e8 quan surti de festa o estigui en una situaci\u00f3 d&#8217;aquestes, trii m\u00e9s f\u00e0cil i r\u00e0pid la dessici\u00f3 que hagi de triar.<\/p>\n","protected":false},"excerpt":{"rendered":"<p>Durant aquest trimestre, a classe de tutoria, els professors ens han estat parlant de canyes i petes. Ens han explicat<\/p>\n","protected":false},"author":25,"featured_media":176,"comment_status":"open","ping_status":"open","sticky":false,"template":"","format":"standard","meta":{"footnotes":""},"categories":[18,17,1],"tags":[23],"_links":{"self":[{"href":"https:\/\/institutviladomat.cat\/portfoli\/15selenemarti\/wp-json\/wp\/v2\/posts\/174"}],"collection":[{"href":"https:\/\/institutviladomat.cat\/portfoli\/15selenemarti\/wp-json\/wp\/v2\/posts"}],"about":[{"href":"https:\/\/institutviladomat.cat\/portfoli\/15selenemarti\/wp-json\/wp\/v2\/types\/post"}],"author":[{"embeddable":true,"href":"https:\/\/institutviladomat.cat\/portfoli\/15selenemarti\/wp-json\/wp\/v2\/users\/25"}],"replies":[{"embeddable":true,"href":"https:\/\/institutviladomat.cat\/portfoli\/15selenemarti\/wp-json\/wp\/v2\/comments?post=174"}],"version-history":[{"count":1,"href":"https:\/\/institutviladomat.cat\/portfoli\/15selenemarti\/wp-json\/wp\/v2\/posts\/174\/revisions"}],"predecessor-version":[{"id":175,"href":"https:\/\/institutviladomat.cat\/portfoli\/15selenemarti\/wp-json\/wp\/v2\/posts\/174\/revisions\/175"}],"wp:featuredmedia":[{"embeddable":true,"href":"https:\/\/institutviladomat.cat\/portfoli\/15selenemarti\/wp-json\/wp\/v2\/media\/176"}],"wp:attachment":[{"href":"https:\/\/institutviladomat.cat\/portfoli\/15selenemarti\/wp-json\/wp\/v2\/media?parent=174"}],"wp:term":[{"taxonomy":"category","embeddable":true,"href":"https:\/\/institutviladomat.cat\/portfoli\/15selenemarti\/wp-json\/wp\/v2\/categories?post=174"},{"taxonomy":"post_tag","embeddable":true,"href":"https:\/\/institutviladomat.cat\/portfoli\/15selenemarti\/wp-json\/wp\/v2\/tags?post=174"}],"curies":[{"name":"wp","href":"https:\/\/api.w.org\/{rel}","templated":true}]}}