{"id":178,"date":"2018-03-23T17:38:03","date_gmt":"2018-03-23T17:38:03","guid":{"rendered":"http:\/\/institutviladomat.cat\/portfoli\/15selenemarti\/?p=178"},"modified":"2018-03-23T17:38:03","modified_gmt":"2018-03-23T17:38:03","slug":"exposicio-sobre-feixisme-i-nazis","status":"publish","type":"post","link":"https:\/\/institutviladomat.cat\/portfoli\/15selenemarti\/2018\/03\/23\/exposicio-sobre-feixisme-i-nazis\/","title":{"rendered":"Exposici\u00f3 sobre Feixisme i Nazis"},"content":{"rendered":"<p>L&#8217;altre dia l&#8217;alumnat de 3r vem anar al castell de monju\u00efc a veure una exposici\u00f3 sobre el feixisme i els nazis. Ens van explicar una mica com va ser Barcelona a l&#8217;\u00e8poca de Franco, Hitler,&#8230; Ens van ensenyar imatges, videos, textos, etc. Encara que lo millor va ser que qui ens explicava la exposici\u00f3 era la que la havia fet i es veia que dominava molt el tema. Va explicarnos que tota l&#8217;exposici\u00f3 estava basada en documents que havia trobat al arxiu de barcelona, on es guarden tots els documents importants que van passant al llarg de la hist\u00f2ria aqui a Barcelona.<\/p>\n<p>No m&#8217;ha agraden molt aquest temes de guerres per\u00f2 l&#8217;exposici\u00f3 em va semblar bastant interesan i vaig apendre coses que no sabia. Per altre banda els colors i com estava distribuida l&#8217;informaci\u00f3 tamb\u00e9 em va crida l&#8217;atenci\u00f3 i vaig estar m\u00e9s atenta.<\/p>\n","protected":false},"excerpt":{"rendered":"<p>L&#8217;altre dia l&#8217;alumnat de 3r vem anar al castell de monju\u00efc a veure una exposici\u00f3 sobre el feixisme i els<\/p>\n","protected":false},"author":25,"featured_media":179,"comment_status":"open","ping_status":"open","sticky":false,"template":"","format":"standard","meta":{"footnotes":""},"categories":[18,17,1],"tags":[25],"_links":{"self":[{"href":"https:\/\/institutviladomat.cat\/portfoli\/15selenemarti\/wp-json\/wp\/v2\/posts\/178"}],"collection":[{"href":"https:\/\/institutviladomat.cat\/portfoli\/15selenemarti\/wp-json\/wp\/v2\/posts"}],"about":[{"href":"https:\/\/institutviladomat.cat\/portfoli\/15selenemarti\/wp-json\/wp\/v2\/types\/post"}],"author":[{"embeddable":true,"href":"https:\/\/institutviladomat.cat\/portfoli\/15selenemarti\/wp-json\/wp\/v2\/users\/25"}],"replies":[{"embeddable":true,"href":"https:\/\/institutviladomat.cat\/portfoli\/15selenemarti\/wp-json\/wp\/v2\/comments?post=178"}],"version-history":[{"count":1,"href":"https:\/\/institutviladomat.cat\/portfoli\/15selenemarti\/wp-json\/wp\/v2\/posts\/178\/revisions"}],"predecessor-version":[{"id":180,"href":"https:\/\/institutviladomat.cat\/portfoli\/15selenemarti\/wp-json\/wp\/v2\/posts\/178\/revisions\/180"}],"wp:featuredmedia":[{"embeddable":true,"href":"https:\/\/institutviladomat.cat\/portfoli\/15selenemarti\/wp-json\/wp\/v2\/media\/179"}],"wp:attachment":[{"href":"https:\/\/institutviladomat.cat\/portfoli\/15selenemarti\/wp-json\/wp\/v2\/media?parent=178"}],"wp:term":[{"taxonomy":"category","embeddable":true,"href":"https:\/\/institutviladomat.cat\/portfoli\/15selenemarti\/wp-json\/wp\/v2\/categories?post=178"},{"taxonomy":"post_tag","embeddable":true,"href":"https:\/\/institutviladomat.cat\/portfoli\/15selenemarti\/wp-json\/wp\/v2\/tags?post=178"}],"curies":[{"name":"wp","href":"https:\/\/api.w.org\/{rel}","templated":true}]}}