{"id":181,"date":"2018-03-23T17:47:33","date_gmt":"2018-03-23T17:47:33","guid":{"rendered":"http:\/\/institutviladomat.cat\/portfoli\/15selenemarti\/?p=181"},"modified":"2018-03-23T17:47:43","modified_gmt":"2018-03-23T17:47:43","slug":"xerrada-genere-i-tecnologia","status":"publish","type":"post","link":"https:\/\/institutviladomat.cat\/portfoli\/15selenemarti\/2018\/03\/23\/xerrada-genere-i-tecnologia\/","title":{"rendered":"Xerrada G\u00e8nere i tecnologia"},"content":{"rendered":"<p>L&#8217;altre dia van venir uns nois i noies a fer-nos un taller sobre el g\u00e8nere i la tecnologia. Ens van explicar una mica sobre el tipus de tcnologia que n&#8217;hi havia i la que utilitzavem. Vam haver de fer un dibuix escollint algun aparell o aplicaci\u00f3 electr\u00f2nica, dibuxar-ho en un paper ibuscar informaci\u00f3 sobre ell. Aix\u00ed vam veure que a la majoria d&#8217;invents posava que estaven creats per homes. Despr\u00e9s, ens van fer una mica m\u00e9s conscients que els homes estaven m\u00e9s reconeguts que les dones en el sentit d&#8217;haver inventat algun invent, o de que n&#8217;hi havien menys noies que nois que estudiaven tecnologia, que els caps de les empresses eren normalment homes,&#8230; Al acabar d&#8217;explicarnos tot aix\u00f2, ens van demanar les nostres opinions i vem fer les valoracions del que pensavem.<\/p>\n","protected":false},"excerpt":{"rendered":"<p>L&#8217;altre dia van venir uns nois i noies a fer-nos un taller sobre el g\u00e8nere i la tecnologia. Ens van<\/p>\n","protected":false},"author":25,"featured_media":183,"comment_status":"open","ping_status":"open","sticky":false,"template":"","format":"standard","meta":{"footnotes":""},"categories":[19,17,1],"tags":[23],"_links":{"self":[{"href":"https:\/\/institutviladomat.cat\/portfoli\/15selenemarti\/wp-json\/wp\/v2\/posts\/181"}],"collection":[{"href":"https:\/\/institutviladomat.cat\/portfoli\/15selenemarti\/wp-json\/wp\/v2\/posts"}],"about":[{"href":"https:\/\/institutviladomat.cat\/portfoli\/15selenemarti\/wp-json\/wp\/v2\/types\/post"}],"author":[{"embeddable":true,"href":"https:\/\/institutviladomat.cat\/portfoli\/15selenemarti\/wp-json\/wp\/v2\/users\/25"}],"replies":[{"embeddable":true,"href":"https:\/\/institutviladomat.cat\/portfoli\/15selenemarti\/wp-json\/wp\/v2\/comments?post=181"}],"version-history":[{"count":2,"href":"https:\/\/institutviladomat.cat\/portfoli\/15selenemarti\/wp-json\/wp\/v2\/posts\/181\/revisions"}],"predecessor-version":[{"id":184,"href":"https:\/\/institutviladomat.cat\/portfoli\/15selenemarti\/wp-json\/wp\/v2\/posts\/181\/revisions\/184"}],"wp:featuredmedia":[{"embeddable":true,"href":"https:\/\/institutviladomat.cat\/portfoli\/15selenemarti\/wp-json\/wp\/v2\/media\/183"}],"wp:attachment":[{"href":"https:\/\/institutviladomat.cat\/portfoli\/15selenemarti\/wp-json\/wp\/v2\/media?parent=181"}],"wp:term":[{"taxonomy":"category","embeddable":true,"href":"https:\/\/institutviladomat.cat\/portfoli\/15selenemarti\/wp-json\/wp\/v2\/categories?post=181"},{"taxonomy":"post_tag","embeddable":true,"href":"https:\/\/institutviladomat.cat\/portfoli\/15selenemarti\/wp-json\/wp\/v2\/tags?post=181"}],"curies":[{"name":"wp","href":"https:\/\/api.w.org\/{rel}","templated":true}]}}