{"id":186,"date":"2018-03-23T17:56:47","date_gmt":"2018-03-23T17:56:47","guid":{"rendered":"http:\/\/institutviladomat.cat\/portfoli\/15selenemarti\/?p=186"},"modified":"2018-03-23T17:56:47","modified_gmt":"2018-03-23T17:56:47","slug":"xerrada-de-leudald-vendrell","status":"publish","type":"post","link":"https:\/\/institutviladomat.cat\/portfoli\/15selenemarti\/2018\/03\/23\/xerrada-de-leudald-vendrell\/","title":{"rendered":"Xerrada de l&#8217;Eudald Vendrell"},"content":{"rendered":"<p>El dia 8 de gener va venir un advocat, l&#8217;Eudald Vendrell, i ens va fer va una confer\u00e8ncia sobre els significats de la identitat. Ens va explicar una mica sobre les nostres dades del DNI, perqu\u00e8 serveixen, quin significat tenen, els drets i responsabilitats que tenim, etc. Despr\u00e9s nosaltres amb els apunts que haviem fet sobre la seva conferencia, li vem fer preguntes i vam tenir un debat prou interesant. Vaig apendre coses que no sabia i va estar interessant i mentre explicava et venien preguntes i q\u00fcestions que podies fer-li per apendre m\u00e9s sobre el tema.<\/p>\n","protected":false},"excerpt":{"rendered":"<p>El dia 8 de gener va venir un advocat, l&#8217;Eudald Vendrell, i ens va fer va una confer\u00e8ncia sobre els<\/p>\n","protected":false},"author":25,"featured_media":187,"comment_status":"open","ping_status":"open","sticky":false,"template":"","format":"standard","meta":{"footnotes":""},"categories":[18,17,1],"tags":[23],"_links":{"self":[{"href":"https:\/\/institutviladomat.cat\/portfoli\/15selenemarti\/wp-json\/wp\/v2\/posts\/186"}],"collection":[{"href":"https:\/\/institutviladomat.cat\/portfoli\/15selenemarti\/wp-json\/wp\/v2\/posts"}],"about":[{"href":"https:\/\/institutviladomat.cat\/portfoli\/15selenemarti\/wp-json\/wp\/v2\/types\/post"}],"author":[{"embeddable":true,"href":"https:\/\/institutviladomat.cat\/portfoli\/15selenemarti\/wp-json\/wp\/v2\/users\/25"}],"replies":[{"embeddable":true,"href":"https:\/\/institutviladomat.cat\/portfoli\/15selenemarti\/wp-json\/wp\/v2\/comments?post=186"}],"version-history":[{"count":1,"href":"https:\/\/institutviladomat.cat\/portfoli\/15selenemarti\/wp-json\/wp\/v2\/posts\/186\/revisions"}],"predecessor-version":[{"id":188,"href":"https:\/\/institutviladomat.cat\/portfoli\/15selenemarti\/wp-json\/wp\/v2\/posts\/186\/revisions\/188"}],"wp:featuredmedia":[{"embeddable":true,"href":"https:\/\/institutviladomat.cat\/portfoli\/15selenemarti\/wp-json\/wp\/v2\/media\/187"}],"wp:attachment":[{"href":"https:\/\/institutviladomat.cat\/portfoli\/15selenemarti\/wp-json\/wp\/v2\/media?parent=186"}],"wp:term":[{"taxonomy":"category","embeddable":true,"href":"https:\/\/institutviladomat.cat\/portfoli\/15selenemarti\/wp-json\/wp\/v2\/categories?post=186"},{"taxonomy":"post_tag","embeddable":true,"href":"https:\/\/institutviladomat.cat\/portfoli\/15selenemarti\/wp-json\/wp\/v2\/tags?post=186"}],"curies":[{"name":"wp","href":"https:\/\/api.w.org\/{rel}","templated":true}]}}