{"id":189,"date":"2018-03-23T18:06:06","date_gmt":"2018-03-23T18:06:06","guid":{"rendered":"http:\/\/institutviladomat.cat\/portfoli\/15selenemarti\/?p=189"},"modified":"2018-03-23T18:08:45","modified_gmt":"2018-03-23T18:08:45","slug":"pellicula-hidden-figures","status":"publish","type":"post","link":"https:\/\/institutviladomat.cat\/portfoli\/15selenemarti\/2018\/03\/23\/pellicula-hidden-figures\/","title":{"rendered":"Pel\u00b7l\u00edcula Hidden figures"},"content":{"rendered":"<p>L&#8217;altre dia ens van ficar la pel\u00b7l\u00edcula de\u00a0Hidden figures. Va estar b\u00e9 i a mi em va agradar. La pel\u00b7l\u00edcula anava de tres noies negres que treballaven a la nassa per\u00f2 a un altre edifici, un espec\u00edfic per a dones negres. Les ten\u00eden una mica discriminades quan eren molt bones fent calculs de matem\u00e0tiques, f\u00edsica, &#8230; I la veritat \u00e9s que es mereixien estar a l&#8217;edifici principal amb els blancs. Estaven all\u00e0 fins que li encarreguen un nou treball a una d&#8217;elles com a secretaria a l&#8217;edifici original, el principal, i all\u00e0 comencen a canviar les coses. Poc a poc el gefe de la senyora s&#8217;en adona que t\u00e9 moltes habilitats i que estan discriminades a l&#8217;altre edifici quan es mereixen estar all\u00e0 i les coses van a millor. A part d&#8217;aquest missatge, la peli tamb\u00e9 va de que han de calcular la tragect\u00f2ria d&#8217;un coet anant a l&#8217;espai i tot aix\u00f2.<\/p>\n","protected":false},"excerpt":{"rendered":"<p>L&#8217;altre dia ens van ficar la pel\u00b7l\u00edcula de\u00a0Hidden figures. Va estar b\u00e9 i a mi em va agradar. La pel\u00b7l\u00edcula<\/p>\n","protected":false},"author":25,"featured_media":193,"comment_status":"open","ping_status":"open","sticky":false,"template":"","format":"standard","meta":{"footnotes":""},"categories":[19,17,1],"tags":[23],"_links":{"self":[{"href":"https:\/\/institutviladomat.cat\/portfoli\/15selenemarti\/wp-json\/wp\/v2\/posts\/189"}],"collection":[{"href":"https:\/\/institutviladomat.cat\/portfoli\/15selenemarti\/wp-json\/wp\/v2\/posts"}],"about":[{"href":"https:\/\/institutviladomat.cat\/portfoli\/15selenemarti\/wp-json\/wp\/v2\/types\/post"}],"author":[{"embeddable":true,"href":"https:\/\/institutviladomat.cat\/portfoli\/15selenemarti\/wp-json\/wp\/v2\/users\/25"}],"replies":[{"embeddable":true,"href":"https:\/\/institutviladomat.cat\/portfoli\/15selenemarti\/wp-json\/wp\/v2\/comments?post=189"}],"version-history":[{"count":1,"href":"https:\/\/institutviladomat.cat\/portfoli\/15selenemarti\/wp-json\/wp\/v2\/posts\/189\/revisions"}],"predecessor-version":[{"id":191,"href":"https:\/\/institutviladomat.cat\/portfoli\/15selenemarti\/wp-json\/wp\/v2\/posts\/189\/revisions\/191"}],"wp:featuredmedia":[{"embeddable":true,"href":"https:\/\/institutviladomat.cat\/portfoli\/15selenemarti\/wp-json\/wp\/v2\/media\/193"}],"wp:attachment":[{"href":"https:\/\/institutviladomat.cat\/portfoli\/15selenemarti\/wp-json\/wp\/v2\/media?parent=189"}],"wp:term":[{"taxonomy":"category","embeddable":true,"href":"https:\/\/institutviladomat.cat\/portfoli\/15selenemarti\/wp-json\/wp\/v2\/categories?post=189"},{"taxonomy":"post_tag","embeddable":true,"href":"https:\/\/institutviladomat.cat\/portfoli\/15selenemarti\/wp-json\/wp\/v2\/tags?post=189"}],"curies":[{"name":"wp","href":"https:\/\/api.w.org\/{rel}","templated":true}]}}