{"id":195,"date":"2018-03-23T18:19:35","date_gmt":"2018-03-23T18:19:35","guid":{"rendered":"http:\/\/institutviladomat.cat\/portfoli\/15selenemarti\/?p=195"},"modified":"2018-03-23T18:19:35","modified_gmt":"2018-03-23T18:19:35","slug":"sortida-al-yomo","status":"publish","type":"post","link":"https:\/\/institutviladomat.cat\/portfoli\/15selenemarti\/2018\/03\/23\/sortida-al-yomo\/","title":{"rendered":"Sortida al Yomo"},"content":{"rendered":"<p>L&#8217;alumnat de 3r vam anar al Yomo l&#8217;altre dia. Es feia a la Farja d&#8217;Hospitalet. N&#8217;hi haien moltes activitats de tecnologia, matem\u00e0tiques, ci\u00e8ncia, biologia,&#8230; Hem va agradar molt. Vam estar per all\u00e0 rondant fent actibvitats i vam apendre bastantes coses. De les coses que ens van agradar m\u00e9s al grup amb el que anava i a mi, va ser la realitat virtual. A part tamb\u00e9 ens van fer una xarrada sobre les xarxes socials en una c\u00fapula que n&#8217;hi havia. Ens van explicar una mica que anessim amb comte i les conseq\u00fc\u00e8ncies de fer unes coses o unes altres.<\/p>\n<p>&nbsp;<\/p>\n<p><img decoding=\"async\" loading=\"lazy\" class=\" wp-image-196\" src=\"http:\/\/institutviladomat.cat\/portfoli\/15selenemarti\/wp-content\/uploads\/sites\/23\/2018\/03\/IMG_20180301_131232-225x300.jpg\" alt=\"\" width=\"248\" height=\"331\" srcset=\"https:\/\/institutviladomat.cat\/portfoli\/15selenemarti\/wp-content\/uploads\/sites\/23\/2018\/03\/IMG_20180301_131232-225x300.jpg 225w, https:\/\/institutviladomat.cat\/portfoli\/15selenemarti\/wp-content\/uploads\/sites\/23\/2018\/03\/IMG_20180301_131232-768x1024.jpg 768w\" sizes=\"(max-width: 248px) 100vw, 248px\" \/><\/p>\n<p><img decoding=\"async\" loading=\"lazy\" class=\"alignnone size-medium wp-image-198\" src=\"http:\/\/institutviladomat.cat\/portfoli\/15selenemarti\/wp-content\/uploads\/sites\/23\/2018\/03\/26697896268_07d60982bf_z-300x225.jpg\" alt=\"\" width=\"300\" height=\"225\" srcset=\"https:\/\/institutviladomat.cat\/portfoli\/15selenemarti\/wp-content\/uploads\/sites\/23\/2018\/03\/26697896268_07d60982bf_z-300x225.jpg 300w, https:\/\/institutviladomat.cat\/portfoli\/15selenemarti\/wp-content\/uploads\/sites\/23\/2018\/03\/26697896268_07d60982bf_z.jpg 640w\" sizes=\"(max-width: 300px) 100vw, 300px\" \/><\/p>\n","protected":false},"excerpt":{"rendered":"<p>L&#8217;alumnat de 3r vam anar al Yomo l&#8217;altre dia. Es feia a la Farja d&#8217;Hospitalet. N&#8217;hi haien moltes activitats de<\/p>\n","protected":false},"author":25,"featured_media":197,"comment_status":"open","ping_status":"open","sticky":false,"template":"","format":"standard","meta":{"footnotes":""},"categories":[19,17,1],"tags":[23],"_links":{"self":[{"href":"https:\/\/institutviladomat.cat\/portfoli\/15selenemarti\/wp-json\/wp\/v2\/posts\/195"}],"collection":[{"href":"https:\/\/institutviladomat.cat\/portfoli\/15selenemarti\/wp-json\/wp\/v2\/posts"}],"about":[{"href":"https:\/\/institutviladomat.cat\/portfoli\/15selenemarti\/wp-json\/wp\/v2\/types\/post"}],"author":[{"embeddable":true,"href":"https:\/\/institutviladomat.cat\/portfoli\/15selenemarti\/wp-json\/wp\/v2\/users\/25"}],"replies":[{"embeddable":true,"href":"https:\/\/institutviladomat.cat\/portfoli\/15selenemarti\/wp-json\/wp\/v2\/comments?post=195"}],"version-history":[{"count":1,"href":"https:\/\/institutviladomat.cat\/portfoli\/15selenemarti\/wp-json\/wp\/v2\/posts\/195\/revisions"}],"predecessor-version":[{"id":199,"href":"https:\/\/institutviladomat.cat\/portfoli\/15selenemarti\/wp-json\/wp\/v2\/posts\/195\/revisions\/199"}],"wp:featuredmedia":[{"embeddable":true,"href":"https:\/\/institutviladomat.cat\/portfoli\/15selenemarti\/wp-json\/wp\/v2\/media\/197"}],"wp:attachment":[{"href":"https:\/\/institutviladomat.cat\/portfoli\/15selenemarti\/wp-json\/wp\/v2\/media?parent=195"}],"wp:term":[{"taxonomy":"category","embeddable":true,"href":"https:\/\/institutviladomat.cat\/portfoli\/15selenemarti\/wp-json\/wp\/v2\/categories?post=195"},{"taxonomy":"post_tag","embeddable":true,"href":"https:\/\/institutviladomat.cat\/portfoli\/15selenemarti\/wp-json\/wp\/v2\/tags?post=195"}],"curies":[{"name":"wp","href":"https:\/\/api.w.org\/{rel}","templated":true}]}}