{"id":201,"date":"2018-03-23T18:29:46","date_gmt":"2018-03-23T18:29:46","guid":{"rendered":"http:\/\/institutviladomat.cat\/portfoli\/15selenemarti\/?p=201"},"modified":"2018-03-23T18:30:14","modified_gmt":"2018-03-23T18:30:14","slug":"blog-de-viatge","status":"publish","type":"post","link":"https:\/\/institutviladomat.cat\/portfoli\/15selenemarti\/2018\/03\/23\/blog-de-viatge\/","title":{"rendered":"Blog de Viatge"},"content":{"rendered":"<p>Hola vatgers, aquest \u00e9s el viatge del Miquel i jo. Hem viatjat amb una tardis al passat i hem estat descobrint i vivint situacions, conflictes,&#8230; Hem respost unes quantes preguntes i hem complert les m\u00e0ximes missions que hem pogut. Si vols saber de que es tracte, aqui tens el nostre blog on podr\u00e0s sapiguer i apendre diferents situacions del passat com la independ\u00e8ncia d&#8217;Argentina, el viatge de Colom, etc&#8230;<\/p>\n<p><a href=\"http:\/\/miquelpuertolasf.wixsite.com\/tardis-miquel-selene\">http:\/\/miquelpuertolasf.wixsite.com\/tardis-miquel-selene<\/a><\/p>\n<p>&nbsp;<\/p>\n<p>L&#8217;activitat del blog de viatge consistia en que aprengu\u00e9ssim diferents conflictes i situacions importants al llarg de la hist\u00f2ria. Ens donaven unes coordenades i un any, amb aix\u00f2 haviem d&#8217;averiguar el lloc i veure quin conflicte n&#8217;hi havia en aquell moment all\u00e0. A partir d&#8217;aix\u00f2, buscaves informaci\u00f3 i redactaves na entrada a un blog on responies les presguntes que et don\u00e0ven les instruccions. Tot aix\u00f2 era en parelles i s&#8217;havia de fer com si fossis testimoni dels fets, com si haguessim estat all\u00e0.<\/p>\n","protected":false},"excerpt":{"rendered":"<p>Hola vatgers, aquest \u00e9s el viatge del Miquel i jo. Hem viatjat amb una tardis al passat i hem estat<\/p>\n","protected":false},"author":25,"featured_media":202,"comment_status":"open","ping_status":"open","sticky":false,"template":"","format":"standard","meta":{"footnotes":""},"categories":[19,17,1],"tags":[21],"_links":{"self":[{"href":"https:\/\/institutviladomat.cat\/portfoli\/15selenemarti\/wp-json\/wp\/v2\/posts\/201"}],"collection":[{"href":"https:\/\/institutviladomat.cat\/portfoli\/15selenemarti\/wp-json\/wp\/v2\/posts"}],"about":[{"href":"https:\/\/institutviladomat.cat\/portfoli\/15selenemarti\/wp-json\/wp\/v2\/types\/post"}],"author":[{"embeddable":true,"href":"https:\/\/institutviladomat.cat\/portfoli\/15selenemarti\/wp-json\/wp\/v2\/users\/25"}],"replies":[{"embeddable":true,"href":"https:\/\/institutviladomat.cat\/portfoli\/15selenemarti\/wp-json\/wp\/v2\/comments?post=201"}],"version-history":[{"count":1,"href":"https:\/\/institutviladomat.cat\/portfoli\/15selenemarti\/wp-json\/wp\/v2\/posts\/201\/revisions"}],"predecessor-version":[{"id":203,"href":"https:\/\/institutviladomat.cat\/portfoli\/15selenemarti\/wp-json\/wp\/v2\/posts\/201\/revisions\/203"}],"wp:featuredmedia":[{"embeddable":true,"href":"https:\/\/institutviladomat.cat\/portfoli\/15selenemarti\/wp-json\/wp\/v2\/media\/202"}],"wp:attachment":[{"href":"https:\/\/institutviladomat.cat\/portfoli\/15selenemarti\/wp-json\/wp\/v2\/media?parent=201"}],"wp:term":[{"taxonomy":"category","embeddable":true,"href":"https:\/\/institutviladomat.cat\/portfoli\/15selenemarti\/wp-json\/wp\/v2\/categories?post=201"},{"taxonomy":"post_tag","embeddable":true,"href":"https:\/\/institutviladomat.cat\/portfoli\/15selenemarti\/wp-json\/wp\/v2\/tags?post=201"}],"curies":[{"name":"wp","href":"https:\/\/api.w.org\/{rel}","templated":true}]}}