{"id":205,"date":"2018-03-23T18:36:58","date_gmt":"2018-03-23T18:36:58","guid":{"rendered":"http:\/\/institutviladomat.cat\/portfoli\/15selenemarti\/?p=205"},"modified":"2018-03-23T18:36:58","modified_gmt":"2018-03-23T18:36:58","slug":"vilataula-dels-elements","status":"publish","type":"post","link":"https:\/\/institutviladomat.cat\/portfoli\/15selenemarti\/2018\/03\/23\/vilataula-dels-elements\/","title":{"rendered":"VilaTaula dels elements"},"content":{"rendered":"<p>A f\u00edsica i Qu\u00edmica, hem estat estudiant els diferents elements i la taula peri\u00f2dica. Primer ens van explicar la teoria, despr\u00e9s vam fer les activitats d&#8217;un document individual i per acabar, abans de fer l&#8217;examen, vam fer entre les tres classes una taula peri\u00f2dica amb tots els elements. Per grups, vam haver de fer una presentaci\u00f3 d&#8217;uns quants elements. Cada grup d&#8217;aula, feia els elements d&#8217;un grup de la taula peri\u00f2dica. Es tractava de buscar informaci\u00f3 sobre els elements i despr\u00e9s fer un QR perqu\u00e8 quan ho analitzessis et sortis l&#8217;element que era i una mini informaci\u00f3. Va quedar molt xulo i ho tenim penjat fora de les aules, a la pared del &#8220;passadis&#8221;.<\/p>\n","protected":false},"excerpt":{"rendered":"<p>A f\u00edsica i Qu\u00edmica, hem estat estudiant els diferents elements i la taula peri\u00f2dica. Primer ens van explicar la teoria,<\/p>\n","protected":false},"author":25,"featured_media":206,"comment_status":"open","ping_status":"open","sticky":false,"template":"","format":"standard","meta":{"footnotes":""},"categories":[19,17,1],"tags":[24],"_links":{"self":[{"href":"https:\/\/institutviladomat.cat\/portfoli\/15selenemarti\/wp-json\/wp\/v2\/posts\/205"}],"collection":[{"href":"https:\/\/institutviladomat.cat\/portfoli\/15selenemarti\/wp-json\/wp\/v2\/posts"}],"about":[{"href":"https:\/\/institutviladomat.cat\/portfoli\/15selenemarti\/wp-json\/wp\/v2\/types\/post"}],"author":[{"embeddable":true,"href":"https:\/\/institutviladomat.cat\/portfoli\/15selenemarti\/wp-json\/wp\/v2\/users\/25"}],"replies":[{"embeddable":true,"href":"https:\/\/institutviladomat.cat\/portfoli\/15selenemarti\/wp-json\/wp\/v2\/comments?post=205"}],"version-history":[{"count":1,"href":"https:\/\/institutviladomat.cat\/portfoli\/15selenemarti\/wp-json\/wp\/v2\/posts\/205\/revisions"}],"predecessor-version":[{"id":207,"href":"https:\/\/institutviladomat.cat\/portfoli\/15selenemarti\/wp-json\/wp\/v2\/posts\/205\/revisions\/207"}],"wp:featuredmedia":[{"embeddable":true,"href":"https:\/\/institutviladomat.cat\/portfoli\/15selenemarti\/wp-json\/wp\/v2\/media\/206"}],"wp:attachment":[{"href":"https:\/\/institutviladomat.cat\/portfoli\/15selenemarti\/wp-json\/wp\/v2\/media?parent=205"}],"wp:term":[{"taxonomy":"category","embeddable":true,"href":"https:\/\/institutviladomat.cat\/portfoli\/15selenemarti\/wp-json\/wp\/v2\/categories?post=205"},{"taxonomy":"post_tag","embeddable":true,"href":"https:\/\/institutviladomat.cat\/portfoli\/15selenemarti\/wp-json\/wp\/v2\/tags?post=205"}],"curies":[{"name":"wp","href":"https:\/\/api.w.org\/{rel}","templated":true}]}}