{"id":211,"date":"2018-03-23T22:19:16","date_gmt":"2018-03-23T22:19:16","guid":{"rendered":"http:\/\/institutviladomat.cat\/portfoli\/15selenemarti\/?p=211"},"modified":"2018-04-02T21:32:25","modified_gmt":"2018-04-02T21:32:25","slug":"video-de-la-reforma-i-la-contrarreforma","status":"publish","type":"post","link":"https:\/\/institutviladomat.cat\/portfoli\/15selenemarti\/2018\/03\/23\/video-de-la-reforma-i-la-contrarreforma\/","title":{"rendered":"Video de la Reforma i la contrarreforma"},"content":{"rendered":"<p>En grup, vam fer un video parlant sobre la reforma i la contrarreforma.<\/p>\n<p><a href=\"https:\/\/drive.google.com\/file\/d\/1BPGisSdm_HXKyWjGbAM4TYuD0zY6K2AS\/view?ts=5a880bd4\">https:\/\/drive.google.com\/file\/d\/1BPGisSdm_HXKyWjGbAM4TYuD0zY6K2AS\/view?ts=5a880bd4<\/a><\/p>\n<p>I adjunto tamb\u00e9 l&#8217;audio que no va arribar-li al miquel per problemes t\u00e8cnics i no va poder sortir al v\u00eddeo.<\/p>\n<p><a href=\"https:\/\/drive.google.com\/open?id=0B27ZRMCgZcbnVFlGcDNraE1uUzl1S0I2NmFkX0VQUnlIbFdR\">https:\/\/drive.google.com\/open?id=0B27ZRMCgZcbnVFlGcDNraE1uUzl1S0I2NmFkX0VQUnlIbFdR<\/a><\/p>\n","protected":false},"excerpt":{"rendered":"<p>En grup, vam fer un video parlant sobre la reforma i la contrarreforma. https:\/\/drive.google.com\/file\/d\/1BPGisSdm_HXKyWjGbAM4TYuD0zY6K2AS\/view?ts=5a880bd4 I adjunto tamb\u00e9 l&#8217;audio que no<\/p>\n","protected":false},"author":25,"featured_media":212,"comment_status":"open","ping_status":"open","sticky":false,"template":"","format":"standard","meta":{"footnotes":""},"categories":[18,17,1],"tags":[21],"_links":{"self":[{"href":"https:\/\/institutviladomat.cat\/portfoli\/15selenemarti\/wp-json\/wp\/v2\/posts\/211"}],"collection":[{"href":"https:\/\/institutviladomat.cat\/portfoli\/15selenemarti\/wp-json\/wp\/v2\/posts"}],"about":[{"href":"https:\/\/institutviladomat.cat\/portfoli\/15selenemarti\/wp-json\/wp\/v2\/types\/post"}],"author":[{"embeddable":true,"href":"https:\/\/institutviladomat.cat\/portfoli\/15selenemarti\/wp-json\/wp\/v2\/users\/25"}],"replies":[{"embeddable":true,"href":"https:\/\/institutviladomat.cat\/portfoli\/15selenemarti\/wp-json\/wp\/v2\/comments?post=211"}],"version-history":[{"count":4,"href":"https:\/\/institutviladomat.cat\/portfoli\/15selenemarti\/wp-json\/wp\/v2\/posts\/211\/revisions"}],"predecessor-version":[{"id":220,"href":"https:\/\/institutviladomat.cat\/portfoli\/15selenemarti\/wp-json\/wp\/v2\/posts\/211\/revisions\/220"}],"wp:featuredmedia":[{"embeddable":true,"href":"https:\/\/institutviladomat.cat\/portfoli\/15selenemarti\/wp-json\/wp\/v2\/media\/212"}],"wp:attachment":[{"href":"https:\/\/institutviladomat.cat\/portfoli\/15selenemarti\/wp-json\/wp\/v2\/media?parent=211"}],"wp:term":[{"taxonomy":"category","embeddable":true,"href":"https:\/\/institutviladomat.cat\/portfoli\/15selenemarti\/wp-json\/wp\/v2\/categories?post=211"},{"taxonomy":"post_tag","embeddable":true,"href":"https:\/\/institutviladomat.cat\/portfoli\/15selenemarti\/wp-json\/wp\/v2\/tags?post=211"}],"curies":[{"name":"wp","href":"https:\/\/api.w.org\/{rel}","templated":true}]}}