{"id":221,"date":"2018-05-14T06:59:43","date_gmt":"2018-05-14T06:59:43","guid":{"rendered":"http:\/\/institutviladomat.cat\/portfoli\/15selenemarti\/?p=221"},"modified":"2018-05-15T20:56:29","modified_gmt":"2018-05-15T20:56:29","slug":"xerrada-sobre-estadistiques","status":"publish","type":"post","link":"https:\/\/institutviladomat.cat\/portfoli\/15selenemarti\/2018\/05\/14\/xerrada-sobre-estadistiques\/","title":{"rendered":"Xerrada sobre estad\u00edstiques"},"content":{"rendered":"<p>L&#8217;altre dia va venir la Lourdes Rodero, professora d&#8217;estad\u00edstica, ha explicar-nos una mica m\u00e9s sobre el tema.<\/p>\n<p>Ens va explicar la importancia que era l&#8217;estad\u00edstica, sobretot per fer dades. Despr\u00e9s va parlar sobre 4 casos hist\u00f2rics en que l&#8217;estad\u00edstica va ser molt important. Primer sobre el c\u00f2lera que va passar a un barri petit de Londres. Les dades van servir molt per arribar a la conclusi\u00f3 que el problema estava a una o dos fonts d&#8217;aigua del carrer.<\/p>\n<p>Despr\u00e9s, va seguir amb el tema de quan els hospitals no tenien molt bones condicions. Gr\u00e0cies a les dades van poder saber el perqu\u00e8 no morien tantes persones a uns hospitals i a altres morien moltes.<\/p>\n<p>El tercer tema va tractar sobre el cas de Challenger, on vam veure que les estadistiques del dia anterior les van fer malament i les del dia seg\u00fcent les van fer b\u00e9, on va surtir que podia passar loque va passar. All\u00e0 es va veure la importancia de l&#8217;estad\u00edstica.<\/p>\n<p>Per acabar, ens va posar el cas de la segona guerra mundial. All\u00e0 va parlar tamb\u00e9 de la probabilitat i com feien per comptar els tancs que tenia la banda contraria.<\/p>\n<p>La xerrada va estar bastant interesant i va ser entretinguda. Va estar b\u00e9 perqu\u00e8 vaig apendre m\u00e9s sobre el tema i vaig veure la importancia de l&#8217;estad\u00edstica i de la probabilitat.<\/p>\n<p><img decoding=\"async\" loading=\"lazy\" class=\"alignnone  wp-image-229\" src=\"http:\/\/institutviladomat.cat\/portfoli\/15selenemarti\/wp-content\/uploads\/sites\/23\/2018\/05\/26398292227_b1dae3efa2_z-300x200.jpg\" alt=\"\" width=\"417\" height=\"278\" srcset=\"https:\/\/institutviladomat.cat\/portfoli\/15selenemarti\/wp-content\/uploads\/sites\/23\/2018\/05\/26398292227_b1dae3efa2_z-300x200.jpg 300w, https:\/\/institutviladomat.cat\/portfoli\/15selenemarti\/wp-content\/uploads\/sites\/23\/2018\/05\/26398292227_b1dae3efa2_z.jpg 640w\" sizes=\"(max-width: 417px) 100vw, 417px\" \/><\/p>\n","protected":false},"excerpt":{"rendered":"<p>L&#8217;altre dia va venir la Lourdes Rodero, professora d&#8217;estad\u00edstica, ha explicar-nos una mica m\u00e9s sobre el tema. Ens va explicar<\/p>\n","protected":false},"author":25,"featured_media":228,"comment_status":"open","ping_status":"open","sticky":false,"template":"","format":"standard","meta":{"footnotes":""},"categories":[17,1,29],"tags":[],"_links":{"self":[{"href":"https:\/\/institutviladomat.cat\/portfoli\/15selenemarti\/wp-json\/wp\/v2\/posts\/221"}],"collection":[{"href":"https:\/\/institutviladomat.cat\/portfoli\/15selenemarti\/wp-json\/wp\/v2\/posts"}],"about":[{"href":"https:\/\/institutviladomat.cat\/portfoli\/15selenemarti\/wp-json\/wp\/v2\/types\/post"}],"author":[{"embeddable":true,"href":"https:\/\/institutviladomat.cat\/portfoli\/15selenemarti\/wp-json\/wp\/v2\/users\/25"}],"replies":[{"embeddable":true,"href":"https:\/\/institutviladomat.cat\/portfoli\/15selenemarti\/wp-json\/wp\/v2\/comments?post=221"}],"version-history":[{"count":5,"href":"https:\/\/institutviladomat.cat\/portfoli\/15selenemarti\/wp-json\/wp\/v2\/posts\/221\/revisions"}],"predecessor-version":[{"id":231,"href":"https:\/\/institutviladomat.cat\/portfoli\/15selenemarti\/wp-json\/wp\/v2\/posts\/221\/revisions\/231"}],"wp:featuredmedia":[{"embeddable":true,"href":"https:\/\/institutviladomat.cat\/portfoli\/15selenemarti\/wp-json\/wp\/v2\/media\/228"}],"wp:attachment":[{"href":"https:\/\/institutviladomat.cat\/portfoli\/15selenemarti\/wp-json\/wp\/v2\/media?parent=221"}],"wp:term":[{"taxonomy":"category","embeddable":true,"href":"https:\/\/institutviladomat.cat\/portfoli\/15selenemarti\/wp-json\/wp\/v2\/categories?post=221"},{"taxonomy":"post_tag","embeddable":true,"href":"https:\/\/institutviladomat.cat\/portfoli\/15selenemarti\/wp-json\/wp\/v2\/tags?post=221"}],"curies":[{"name":"wp","href":"https:\/\/api.w.org\/{rel}","templated":true}]}}