{"id":233,"date":"2018-05-24T10:08:38","date_gmt":"2018-05-24T10:08:38","guid":{"rendered":"http:\/\/institutviladomat.cat\/portfoli\/15selenemarti\/?p=233"},"modified":"2018-06-05T18:02:15","modified_gmt":"2018-06-05T18:02:15","slug":"233","status":"publish","type":"post","link":"https:\/\/institutviladomat.cat\/portfoli\/15selenemarti\/2018\/05\/24\/233\/","title":{"rendered":"Carta a un infant durant la Revoluci\u00f3 Industrial"},"content":{"rendered":"<p><img decoding=\"async\" loading=\"lazy\" class=\"alignnone wp-image-234\" src=\"http:\/\/institutviladomat.cat\/portfoli\/15selenemarti\/wp-content\/uploads\/sites\/23\/2018\/05\/2322f412ee078d23eff43a2d16dd7d2e-300x213.jpg\" alt=\"\" width=\"500\" height=\"355\" srcset=\"https:\/\/institutviladomat.cat\/portfoli\/15selenemarti\/wp-content\/uploads\/sites\/23\/2018\/05\/2322f412ee078d23eff43a2d16dd7d2e-300x213.jpg 300w, https:\/\/institutviladomat.cat\/portfoli\/15selenemarti\/wp-content\/uploads\/sites\/23\/2018\/05\/2322f412ee078d23eff43a2d16dd7d2e.jpg 564w\" sizes=\"(max-width: 500px) 100vw, 500px\" \/><\/p>\n<p><span style=\"font-weight: 400\">Bon dia Joan Bosch,<\/span><\/p>\n<p><span style=\"font-weight: 400\">Se que la teva infancia \u00e9s dura. En aquesta imatge puc observar la teva mirada de tristesa. Veig que est\u00e0s a una f\u00e0brica on treballes unes 14 &#8211; 16 hores al dia i que, probablemet, cobris menys que els adults. No has pogut anar a la escola o potser si per\u00f2 durant dos o tres anys nom\u00e9s, el suficient per apendre a llegir, escriure i obtenir uns coneixements m\u00ednims molt deficients. Saber que vius aix\u00ed i que ho fas per sovreviure, per portar diners a la familia i alimentar-te m&#8217;entristeix. Aqui \u00e9s diferent, estudiem i anem a l&#8217;escola fins els 16 obligatoriament i despr\u00e9s pots seguir estudiant o comen\u00e7ar a treballar, encara que en alguns llocs d&#8217;aquest m\u00f3n els nens segueixen treballant com t\u00fa.<\/span><\/p>\n<p><span style=\"font-weight: 400\">No m&#8217;agrada pensar que mai t&#8217;han regalat res, encara que sigui un detall, que no celebres res per l&#8217;aniversari o per alguna ra\u00f3 important. Que cobres molt poc treballant tantes hores i tan intensament des de tan petit. El saber que vas amb la mateixa roba i potser ni tens sabates i aqu\u00ed la gent es compra molt\u00edssima roba i a m\u00e9s de marques cares.<\/span><\/p>\n<p><span style=\"font-weight: 400\">Tampoc m\u2019agrada molt saber que est\u00e0 molt ben vist que els nens treballin aix\u00ed, que pensin que es necessari per que els nens es vegin \u00fatils, tan ells mateixos com els dem\u00e9s. Avui en dia els nenes estudien i surten, queden amb els amics, fan esports, s\u2019ho passen b\u00e9 i obviament ajuden a casa i a els pares. Crec que aix\u00f2 ja t\u2019ensenya bastants valors i fa que maduris, a la vegada t\u2019ho passes b\u00e9 i et diverteixes. No cal estar tancat a les f\u00e0briques durant 14 o 16 hores treballant i passant\u2019ho malament per despr\u00e9s tindre una recompensa que val la pena, perqu\u00e8 et serveix per sobreviure, per\u00f2 a la vegada que no sigui valorada respecta el teu treball. Hem sap greu que hagi sigut aix\u00ed, per\u00f2 tamb\u00e9 os ho agraeixo perqu\u00e8 gr\u00e0cies a tot lo que heu passat, va haber la revoluci\u00f3 obrera. Gr\u00e0cies a aquesta revoluci\u00f3 i totes les vostres veus, la dels vostres pares, tiets, amics,&#8230; Heu aconseguit protegir els nens i que els treballs dels adults siguin de 8 hores aproximadament (la majoria). Gracies a que hos heu manifestat, que heu cridat el que volieu aconseguir, ho heu aconseguit i avui en dia tot es diferents,podria haver estalviat per\u00f2 no ha pogut ser.<\/span><\/p>\n","protected":false},"excerpt":{"rendered":"<p>Bon dia Joan Bosch, Se que la teva infancia \u00e9s dura. En aquesta imatge puc observar la teva mirada de<\/p>\n","protected":false},"author":25,"featured_media":234,"comment_status":"open","ping_status":"open","sticky":false,"template":"","format":"standard","meta":{"footnotes":""},"categories":[30,17,1],"tags":[],"_links":{"self":[{"href":"https:\/\/institutviladomat.cat\/portfoli\/15selenemarti\/wp-json\/wp\/v2\/posts\/233"}],"collection":[{"href":"https:\/\/institutviladomat.cat\/portfoli\/15selenemarti\/wp-json\/wp\/v2\/posts"}],"about":[{"href":"https:\/\/institutviladomat.cat\/portfoli\/15selenemarti\/wp-json\/wp\/v2\/types\/post"}],"author":[{"embeddable":true,"href":"https:\/\/institutviladomat.cat\/portfoli\/15selenemarti\/wp-json\/wp\/v2\/users\/25"}],"replies":[{"embeddable":true,"href":"https:\/\/institutviladomat.cat\/portfoli\/15selenemarti\/wp-json\/wp\/v2\/comments?post=233"}],"version-history":[{"count":2,"href":"https:\/\/institutviladomat.cat\/portfoli\/15selenemarti\/wp-json\/wp\/v2\/posts\/233\/revisions"}],"predecessor-version":[{"id":236,"href":"https:\/\/institutviladomat.cat\/portfoli\/15selenemarti\/wp-json\/wp\/v2\/posts\/233\/revisions\/236"}],"wp:featuredmedia":[{"embeddable":true,"href":"https:\/\/institutviladomat.cat\/portfoli\/15selenemarti\/wp-json\/wp\/v2\/media\/234"}],"wp:attachment":[{"href":"https:\/\/institutviladomat.cat\/portfoli\/15selenemarti\/wp-json\/wp\/v2\/media?parent=233"}],"wp:term":[{"taxonomy":"category","embeddable":true,"href":"https:\/\/institutviladomat.cat\/portfoli\/15selenemarti\/wp-json\/wp\/v2\/categories?post=233"},{"taxonomy":"post_tag","embeddable":true,"href":"https:\/\/institutviladomat.cat\/portfoli\/15selenemarti\/wp-json\/wp\/v2\/tags?post=233"}],"curies":[{"name":"wp","href":"https:\/\/api.w.org\/{rel}","templated":true}]}}