{"id":237,"date":"2018-06-04T06:14:18","date_gmt":"2018-06-04T06:14:18","guid":{"rendered":"http:\/\/institutviladomat.cat\/portfoli\/15selenemarti\/?p=237"},"modified":"2018-06-05T17:22:29","modified_gmt":"2018-06-05T17:22:29","slug":"port-aventura","status":"publish","type":"post","link":"https:\/\/institutviladomat.cat\/portfoli\/15selenemarti\/2018\/06\/04\/port-aventura\/","title":{"rendered":"Port Aventura"},"content":{"rendered":"<p>El dimarts 8 de maig vam anar al Port Aventura. Durant el trajecte va anar variant el temps. L&#8217;autocar ens va deixar all\u00e0, al p\u00e0rquing de davant de l&#8217;entrada. Ens vam revisar i ens van deixar passar. Al principi, anava amb la Nerea, l&#8217;Anna i l&#8217;Ona O, La primera atracci\u00f3 en la qual vam pujar va ser &#8220;Els r\u00e0pids&#8221;. Va ser molt divertida i ens vam mullar tots plegats.<\/p>\n<p>Vam sortir de l&#8217;atracci\u00f3 i vam veure que el Miquel, el Sergio, el Pablo R i el Marc A estaven sortint de l&#8217;atracci\u00f3 tamb\u00e9.<\/p>\n<p>Despr\u00e9s vam anar al Tomahawk. \u00c9s una muntanya russa que est\u00e0 al costat de l&#8217;estampida. Quan ens vam asseure, vam veure que el Miquel i els altres estaven darrere nostre i all\u00e0 vam ajuntar-nos tots en un sol grup. Va ser molt xulo. La seg\u00fcent atracci\u00f3 va ser l&#8217;Estampida. All\u00e0 el Marc no va voler pujar i es va quedar a un banc. Vam arribar a la cua i va comen\u00e7ar a ploure. Vam estar uns 45 minuts a la cua fins que vam arribar a dalt. Despr\u00e9s de muntar, vam anar pel Marc per si encara estava esperant-nos, pobret. Despr\u00e9s vam comentar l&#8217;atracci\u00f3 i si no fos perqu\u00e8 hi havia molta gent, hagu\u00e9ssim repetit. Despr\u00e9s, ens vam dirigir cap al laberint de miralls. Vam entrar. Els 3 minuts ja est\u00e0vem tots perduts i dispersats. Despr\u00e9s de temps, em vaig trobar amb el Jaume i junts vam aconseguir sortir. No \u00e9rem els primers a sortir, per\u00f2 tampoc els \u00faltims. L&#8217;Ona va sortir dos cops per la porta principal i es va rendir. Passava el temps i el Pablo R encara estava dins. El Miquel va decidir anar per ell per\u00f2 quan estava a punt d&#8217;entrar va aconseguir sortir en Pablo.<\/p>\n<p>Ja era l&#8217;hora de menjar, aix\u00ed que ens vam dirigir a la cantera. All\u00e0 ens van servir i vam menjar. A les 14 h ens van fer un espectacle de rituals mexicans.A l&#8217;acabar, vam anar cap a la xina i vam muntar a &#8220;l&#8217;Ankor&#8221; que era una atracci\u00f3 d&#8217;aigua i tranquil\u00b7la per baixar el menjar. Despr\u00e9s vam passar pel &#8220;dragon khan&#8221; i el &#8220;shambala&#8221; per\u00f2 no vam poder pujar perqu\u00e8 no hi havia temps. M&#8217;hauria encantat pujar al dragon khan, feia molt que no pujava per\u00f2 pujar\u00e9 quan torni. M&#8217;ho vaig passar molt b\u00e9 igual. Ens va donar temps a passar per l&#8217;atracci\u00f3 del vaixell pirata i pel Tutuki Splash. Al Tutuki Splash vam pujar dos cops perqu\u00e8 ens va agradar molt. Vam acabar mullad\u00edssims. A la primera vegada, uns nens ens estaven molestant per darrere que, a m\u00e9s, ens van seguir des del vaixell pirata. Per sort, nom\u00e9s va ser la primera vegada i nosaltres pass\u00e0vem d&#8217;ells. Va ser un dia molt divertit. El grup amb el qual anava em va sorprendre bastant. No m&#8217;esperava que la gent amb qui anava es port\u00e9s tan b\u00e9 i entre ells tamb\u00e9 es van sorprendre. La veritat \u00e9s que em va agradar molt tant amb qui anava com l&#8217;experi\u00e8ncia.<\/p>\n<p>&nbsp;<\/p>\n<p>El Sergio va anar gravant l&#8217;aventura i va fer un v\u00eddeo per nosaltres de record:<\/p>\n<p><a href=\"https:\/\/drive.google.com\/open?id=1cIEIX60GOraY1C34hPZZELglLReyvSEm\">https:\/\/drive.google.com\/open?id=1cIEIX60GOraY1C34hPZZELglLReyvSEm<\/a><\/p>\n","protected":false},"excerpt":{"rendered":"<p>El dimarts 8 de maig vam anar al Port Aventura. Durant el trajecte va anar variant el temps. L&#8217;autocar ens<\/p>\n","protected":false},"author":25,"featured_media":241,"comment_status":"open","ping_status":"open","sticky":false,"template":"","format":"standard","meta":{"footnotes":""},"categories":[30,2,1],"tags":[],"_links":{"self":[{"href":"https:\/\/institutviladomat.cat\/portfoli\/15selenemarti\/wp-json\/wp\/v2\/posts\/237"}],"collection":[{"href":"https:\/\/institutviladomat.cat\/portfoli\/15selenemarti\/wp-json\/wp\/v2\/posts"}],"about":[{"href":"https:\/\/institutviladomat.cat\/portfoli\/15selenemarti\/wp-json\/wp\/v2\/types\/post"}],"author":[{"embeddable":true,"href":"https:\/\/institutviladomat.cat\/portfoli\/15selenemarti\/wp-json\/wp\/v2\/users\/25"}],"replies":[{"embeddable":true,"href":"https:\/\/institutviladomat.cat\/portfoli\/15selenemarti\/wp-json\/wp\/v2\/comments?post=237"}],"version-history":[{"count":4,"href":"https:\/\/institutviladomat.cat\/portfoli\/15selenemarti\/wp-json\/wp\/v2\/posts\/237\/revisions"}],"predecessor-version":[{"id":242,"href":"https:\/\/institutviladomat.cat\/portfoli\/15selenemarti\/wp-json\/wp\/v2\/posts\/237\/revisions\/242"}],"wp:featuredmedia":[{"embeddable":true,"href":"https:\/\/institutviladomat.cat\/portfoli\/15selenemarti\/wp-json\/wp\/v2\/media\/241"}],"wp:attachment":[{"href":"https:\/\/institutviladomat.cat\/portfoli\/15selenemarti\/wp-json\/wp\/v2\/media?parent=237"}],"wp:term":[{"taxonomy":"category","embeddable":true,"href":"https:\/\/institutviladomat.cat\/portfoli\/15selenemarti\/wp-json\/wp\/v2\/categories?post=237"},{"taxonomy":"post_tag","embeddable":true,"href":"https:\/\/institutviladomat.cat\/portfoli\/15selenemarti\/wp-json\/wp\/v2\/tags?post=237"}],"curies":[{"name":"wp","href":"https:\/\/api.w.org\/{rel}","templated":true}]}}