{"id":265,"date":"2018-06-11T06:26:14","date_gmt":"2018-06-11T06:26:14","guid":{"rendered":"http:\/\/institutviladomat.cat\/portfoli\/15selenemarti\/?p=265"},"modified":"2018-06-11T06:26:14","modified_gmt":"2018-06-11T06:26:14","slug":"frankenstein-de-kenneth-branagh","status":"publish","type":"post","link":"https:\/\/institutviladomat.cat\/portfoli\/15selenemarti\/2018\/06\/11\/frankenstein-de-kenneth-branagh\/","title":{"rendered":"Frankenstein, de Kenneth Branagh"},"content":{"rendered":"<p>Per comen\u00e7ar la situaci\u00f3 de Frankenstein vam veure la pel\u00edcula de Frankenstein de Kenneth Branagh. Anava sobre un cient\u00edfic dit V\u00edctor Frankenstein que intenta crear vida a partir de parts del cos d&#8217;altre gent. Quan ho consegueix veu lo que ha creat i s&#8217;espanta. Diu que es un monstre i l&#8217;abandona. La criatura al veure aix\u00f2, reflexiona i veu que ning\u00fa el vol. Que la gent el te por i que est\u00e0 sol. Per vengar-se del seu creador, el localitza i comen\u00e7a a matar un a un a cada membre de la seva fam\u00edlia. Ho fa perqu\u00e8 acab\u00e9s sol com ell i que sent\u00eds el que ell sentia.<\/p>\n<p>Va ser un bon comen\u00e7ament de situaci\u00f3 i ens va fer reflexionar sobre el tema. Ning\u00fa es mereix estar sol simplemente per com \u00e9s fisicament.<\/p>\n","protected":false},"excerpt":{"rendered":"<p>Per comen\u00e7ar la situaci\u00f3 de Frankenstein vam veure la pel\u00edcula de Frankenstein de Kenneth Branagh. Anava sobre un cient\u00edfic dit<\/p>\n","protected":false},"author":25,"featured_media":284,"comment_status":"open","ping_status":"open","sticky":false,"template":"","format":"standard","meta":{"footnotes":""},"categories":[30,17,1],"tags":[],"_links":{"self":[{"href":"https:\/\/institutviladomat.cat\/portfoli\/15selenemarti\/wp-json\/wp\/v2\/posts\/265"}],"collection":[{"href":"https:\/\/institutviladomat.cat\/portfoli\/15selenemarti\/wp-json\/wp\/v2\/posts"}],"about":[{"href":"https:\/\/institutviladomat.cat\/portfoli\/15selenemarti\/wp-json\/wp\/v2\/types\/post"}],"author":[{"embeddable":true,"href":"https:\/\/institutviladomat.cat\/portfoli\/15selenemarti\/wp-json\/wp\/v2\/users\/25"}],"replies":[{"embeddable":true,"href":"https:\/\/institutviladomat.cat\/portfoli\/15selenemarti\/wp-json\/wp\/v2\/comments?post=265"}],"version-history":[{"count":2,"href":"https:\/\/institutviladomat.cat\/portfoli\/15selenemarti\/wp-json\/wp\/v2\/posts\/265\/revisions"}],"predecessor-version":[{"id":285,"href":"https:\/\/institutviladomat.cat\/portfoli\/15selenemarti\/wp-json\/wp\/v2\/posts\/265\/revisions\/285"}],"wp:featuredmedia":[{"embeddable":true,"href":"https:\/\/institutviladomat.cat\/portfoli\/15selenemarti\/wp-json\/wp\/v2\/media\/284"}],"wp:attachment":[{"href":"https:\/\/institutviladomat.cat\/portfoli\/15selenemarti\/wp-json\/wp\/v2\/media?parent=265"}],"wp:term":[{"taxonomy":"category","embeddable":true,"href":"https:\/\/institutviladomat.cat\/portfoli\/15selenemarti\/wp-json\/wp\/v2\/categories?post=265"},{"taxonomy":"post_tag","embeddable":true,"href":"https:\/\/institutviladomat.cat\/portfoli\/15selenemarti\/wp-json\/wp\/v2\/tags?post=265"}],"curies":[{"name":"wp","href":"https:\/\/api.w.org\/{rel}","templated":true}]}}