{"id":303,"date":"2018-09-17T10:02:55","date_gmt":"2018-09-17T10:02:55","guid":{"rendered":"http:\/\/institutviladomat.cat\/portfoli\/15selenemarti\/?p=303"},"modified":"2018-10-01T06:40:14","modified_gmt":"2018-10-01T06:40:14","slug":"encetem-un-nou-curs","status":"publish","type":"post","link":"https:\/\/institutviladomat.cat\/portfoli\/15selenemarti\/2018\/09\/17\/encetem-un-nou-curs\/","title":{"rendered":"Encetem un nou curs"},"content":{"rendered":"<p>Aquest curs comen\u00e7o amb motivaci\u00f3 perqu\u00e8 \u00e9s l&#8217;ultim any d&#8217;ESO i comencem a l&#8217;edifici nou. Tamb\u00e9 estic motivada perqu\u00e8 aquest any tinc optatives que m&#8217;agraden i les asignatures m&#8217;agradan bastant. Hem fa il\u00b7lusi\u00f3 marcar-me reptes com estudiar i organitazar-me des del principi per treure bones notes, no com els altres anys que comen\u00e7ava a espavilar a mitad de curs o a l&#8217;ultim trimestre. D&#8217;aquesta manera, espavilant des del principi, crec que puc conseguir una nota mitja m\u00e9s alta que la dels anys anteriors perqu\u00e8 hem posar\u00e9 enserio i m&#8217;organitzar\u00e9 millor des de ja.<\/p>\n<p>L&#8217;objectiu el tindr\u00e9 en ment tot el curs i m&#8217;intentar\u00e9 esfor\u00e7ar el m\u00e0xim possible. M&#8217;organitzar\u00e9 les hores d&#8217;estudi a casa i els dies que tingui entrenement per poder fer tots els treballs. Sabr\u00e9 si ho he aconseguit o no quan hem donguin les notes finals, per\u00f2 cada trimestre podr\u00e9 veure com va amb les notes trimestrals i poder veure si vaig b\u00e9 o m&#8217;ho he de replantejar.<\/p>\n<p>\u00c9s important per mi perqu\u00e8 els cursos anteriors l&#8217;ultim trimestre m&#8217;anava bastant b\u00e9 i les notes mitjes hem quedaven una mica m\u00e9s fluixes per els trimestres anteriors. Aix\u00f2 provocava que tant els profes com la fam\u00edlia i jo mateixa hem diguessin que si m&#8217;esfor\u00e7o des del principi tindria notes m\u00e9s bones i que podria fer m\u00e9s. A part quant m\u00e9s alta sigui la nota mitja, despr\u00e9s ser\u00e0 m\u00e9s f\u00e0cil estudiar on vuigui i tindr\u00e9 m\u00e9s opcions.<\/p>\n<p>Conclusi\u00f3, els objectius que hem proposo s\u00f3n organitzar-me m\u00e9s, implicar-me, estudiar, etc&#8230; des del comen\u00e7ament de curs i ho divir\u00e9 per trimestres. Vull dir que cada trimestre quant hem donguin les notes reflexionar\u00e9 i veure si ho estic aconseguint o haig de cambiar alguna cosa.<\/p>\n<p>En relaci\u00f3 d&#8217;objectius socials crec que estaria b\u00e9 coneixer m\u00e9s a els companys i parlar m\u00e9s amb ells encara que hem porto b\u00e9 amb tothom. Tamb\u00e9 estaria b\u00e9 parlar m\u00e9s amb els membres del grup per poder organitzar-nos millor, portar-nos b\u00e9 i coneixens m\u00e9s.<\/p>\n","protected":false},"excerpt":{"rendered":"<p>Aquest curs comen\u00e7o amb motivaci\u00f3 perqu\u00e8 \u00e9s l&#8217;ultim any d&#8217;ESO i comencem a l&#8217;edifici nou. Tamb\u00e9 estic motivada perqu\u00e8 aquest<\/p>\n","protected":false},"author":25,"featured_media":312,"comment_status":"open","ping_status":"open","sticky":false,"template":"","format":"standard","meta":{"footnotes":""},"categories":[1],"tags":[],"_links":{"self":[{"href":"https:\/\/institutviladomat.cat\/portfoli\/15selenemarti\/wp-json\/wp\/v2\/posts\/303"}],"collection":[{"href":"https:\/\/institutviladomat.cat\/portfoli\/15selenemarti\/wp-json\/wp\/v2\/posts"}],"about":[{"href":"https:\/\/institutviladomat.cat\/portfoli\/15selenemarti\/wp-json\/wp\/v2\/types\/post"}],"author":[{"embeddable":true,"href":"https:\/\/institutviladomat.cat\/portfoli\/15selenemarti\/wp-json\/wp\/v2\/users\/25"}],"replies":[{"embeddable":true,"href":"https:\/\/institutviladomat.cat\/portfoli\/15selenemarti\/wp-json\/wp\/v2\/comments?post=303"}],"version-history":[{"count":2,"href":"https:\/\/institutviladomat.cat\/portfoli\/15selenemarti\/wp-json\/wp\/v2\/posts\/303\/revisions"}],"predecessor-version":[{"id":305,"href":"https:\/\/institutviladomat.cat\/portfoli\/15selenemarti\/wp-json\/wp\/v2\/posts\/303\/revisions\/305"}],"wp:featuredmedia":[{"embeddable":true,"href":"https:\/\/institutviladomat.cat\/portfoli\/15selenemarti\/wp-json\/wp\/v2\/media\/312"}],"wp:attachment":[{"href":"https:\/\/institutviladomat.cat\/portfoli\/15selenemarti\/wp-json\/wp\/v2\/media?parent=303"}],"wp:term":[{"taxonomy":"category","embeddable":true,"href":"https:\/\/institutviladomat.cat\/portfoli\/15selenemarti\/wp-json\/wp\/v2\/categories?post=303"},{"taxonomy":"post_tag","embeddable":true,"href":"https:\/\/institutviladomat.cat\/portfoli\/15selenemarti\/wp-json\/wp\/v2\/tags?post=303"}],"curies":[{"name":"wp","href":"https:\/\/api.w.org\/{rel}","templated":true}]}}