{"id":32,"date":"2016-11-16T13:37:15","date_gmt":"2016-11-16T13:37:15","guid":{"rendered":"http:\/\/institutviladomat.cat\/portfoli\/15selenemarti\/?p=32"},"modified":"2016-11-16T13:37:15","modified_gmt":"2016-11-16T13:37:15","slug":"cosmo-caixa-les-ones-de-radio","status":"publish","type":"post","link":"https:\/\/institutviladomat.cat\/portfoli\/15selenemarti\/2016\/11\/16\/cosmo-caixa-les-ones-de-radio\/","title":{"rendered":"Cosmo Caixa &#8220;LES ONES DE R\u00c0DIO&#8221;"},"content":{"rendered":"<p><em>1. Fes una llista amb tots els \u00a0els estands que tenen a veure amb les ones. Afegeix una petita descripci\u00f3 i fes una foto.<\/em><\/p>\n<p>&nbsp;<\/p>\n<p><em>2. En alguns d&#8217;aquest estands trobar\u00e0s explicats les magnituds que defineixen una ona: la longitud d&#8217;ona, la freq\u00fc\u00e8ncia, el per\u00edode, i la velocitat de propagaci\u00f3. Explica&#8217;ls amb les teves paraules.<\/em><\/p>\n<p>&nbsp;<\/p>\n<p><em>3. Mesura en algun dels estands: la longitud d&#8217;ona, la freq\u00fc\u00e8ncia, el per\u00edode, i la velocitat de propagaci\u00f3. Anota a continuaci\u00f3, l&#8217;estand, el procediment per fer la mesura i el resultat.<\/em><\/p>\n<p>&nbsp;<\/p>\n","protected":false},"excerpt":{"rendered":"<p>1. Fes una llista amb tots els \u00a0els estands que tenen a veure amb les ones. Afegeix una petita descripci\u00f3<\/p>\n","protected":false},"author":25,"featured_media":0,"comment_status":"open","ping_status":"open","sticky":false,"template":"","format":"standard","meta":{"footnotes":""},"categories":[1],"tags":[],"_links":{"self":[{"href":"https:\/\/institutviladomat.cat\/portfoli\/15selenemarti\/wp-json\/wp\/v2\/posts\/32"}],"collection":[{"href":"https:\/\/institutviladomat.cat\/portfoli\/15selenemarti\/wp-json\/wp\/v2\/posts"}],"about":[{"href":"https:\/\/institutviladomat.cat\/portfoli\/15selenemarti\/wp-json\/wp\/v2\/types\/post"}],"author":[{"embeddable":true,"href":"https:\/\/institutviladomat.cat\/portfoli\/15selenemarti\/wp-json\/wp\/v2\/users\/25"}],"replies":[{"embeddable":true,"href":"https:\/\/institutviladomat.cat\/portfoli\/15selenemarti\/wp-json\/wp\/v2\/comments?post=32"}],"version-history":[{"count":1,"href":"https:\/\/institutviladomat.cat\/portfoli\/15selenemarti\/wp-json\/wp\/v2\/posts\/32\/revisions"}],"predecessor-version":[{"id":33,"href":"https:\/\/institutviladomat.cat\/portfoli\/15selenemarti\/wp-json\/wp\/v2\/posts\/32\/revisions\/33"}],"wp:attachment":[{"href":"https:\/\/institutviladomat.cat\/portfoli\/15selenemarti\/wp-json\/wp\/v2\/media?parent=32"}],"wp:term":[{"taxonomy":"category","embeddable":true,"href":"https:\/\/institutviladomat.cat\/portfoli\/15selenemarti\/wp-json\/wp\/v2\/categories?post=32"},{"taxonomy":"post_tag","embeddable":true,"href":"https:\/\/institutviladomat.cat\/portfoli\/15selenemarti\/wp-json\/wp\/v2\/tags?post=32"}],"curies":[{"name":"wp","href":"https:\/\/api.w.org\/{rel}","templated":true}]}}