{"id":332,"date":"2018-10-28T15:13:03","date_gmt":"2018-10-28T15:13:03","guid":{"rendered":"http:\/\/institutviladomat.cat\/portfoli\/15selenemarti\/?p=332"},"modified":"2018-10-28T15:13:03","modified_gmt":"2018-10-28T15:13:03","slug":"gattaca","status":"publish","type":"post","link":"https:\/\/institutviladomat.cat\/portfoli\/15selenemarti\/2018\/10\/28\/gattaca\/","title":{"rendered":"Gattaca"},"content":{"rendered":"<p>El dijous 18 d&#8217;octubre de 2018 vam veure una pel\u00edcula a filosofia.<\/p>\n<p>La pel\u00edcula \u00e9s Gattaca, tracta d&#8217;un noi, dit Vincent, que \u00e9s inv\u00e0lid perqu\u00e8 neix d&#8217;una relaci\u00f3 natural que geneticament no t\u00e9 les condicions per estar concebut en un laboratori. Devant aquesta situaci\u00f3, s&#8217;enfrenta a tots els obstacles\u00a0per realitzar el seu somni de ser astronauta i els supera.<\/p>\n<p>Aix\u00f2 tamb\u00e9 passa, en certa manera, en la nostra societat. No tothom t\u00e9 les mateixes oportunitats. Per comen\u00e7ar, hi ha feines en les que et donen m\u00e9s opcions si ets home o m\u00e9s jove.<\/p>\n<p>Crec que no hauria d&#8217;haber un m\u00f3n dividit amb persones\u00a0&#8220;v\u00e0lides&#8221; i altres &#8220;inv\u00e0lides&#8221;. No m&#8217;ha agradaria viure-hi. Crec que tothom es mereix oportunitats i t\u00e9 un valor per ser v\u00e0lid. Tothom t\u00e9 valors diferents i ning\u00fa s&#8217;ha de sentir inv\u00e0lid per el fet de no encaixar 100% amb la societat.<\/p>\n<p>Tampoc m&#8217;agradaria viure-hi perqu\u00e8 crec que si fossim tots perfectes i tota la nostra vida ja estigu\u00e9s planificada seria un caos. Crec que seria el contrari perqu\u00e8 la gent hauria de ser perfecte sent un\u00a0 mateix, amb diferentes capacitats i amb drets de poguer escollir el que volen ser a la vida. Sent tothom perfecte com el que ens planteja la pel\u00edcula, ning\u00fa ens podria aportar res perqu\u00e8 seriem tots iguals i no podriem escollir el que volem ser o que volem estudiar perqu\u00e8 ja hauriem nascut amb aix\u00f2 escollit pels altres.<\/p>\n","protected":false},"excerpt":{"rendered":"<p>El dijous 18 d&#8217;octubre de 2018 vam veure una pel\u00edcula a filosofia. La pel\u00edcula \u00e9s Gattaca, tracta d&#8217;un noi, dit<\/p>\n","protected":false},"author":25,"featured_media":335,"comment_status":"open","ping_status":"open","sticky":false,"template":"","format":"standard","meta":{"footnotes":""},"categories":[1],"tags":[],"_links":{"self":[{"href":"https:\/\/institutviladomat.cat\/portfoli\/15selenemarti\/wp-json\/wp\/v2\/posts\/332"}],"collection":[{"href":"https:\/\/institutviladomat.cat\/portfoli\/15selenemarti\/wp-json\/wp\/v2\/posts"}],"about":[{"href":"https:\/\/institutviladomat.cat\/portfoli\/15selenemarti\/wp-json\/wp\/v2\/types\/post"}],"author":[{"embeddable":true,"href":"https:\/\/institutviladomat.cat\/portfoli\/15selenemarti\/wp-json\/wp\/v2\/users\/25"}],"replies":[{"embeddable":true,"href":"https:\/\/institutviladomat.cat\/portfoli\/15selenemarti\/wp-json\/wp\/v2\/comments?post=332"}],"version-history":[{"count":3,"href":"https:\/\/institutviladomat.cat\/portfoli\/15selenemarti\/wp-json\/wp\/v2\/posts\/332\/revisions"}],"predecessor-version":[{"id":337,"href":"https:\/\/institutviladomat.cat\/portfoli\/15selenemarti\/wp-json\/wp\/v2\/posts\/332\/revisions\/337"}],"wp:featuredmedia":[{"embeddable":true,"href":"https:\/\/institutviladomat.cat\/portfoli\/15selenemarti\/wp-json\/wp\/v2\/media\/335"}],"wp:attachment":[{"href":"https:\/\/institutviladomat.cat\/portfoli\/15selenemarti\/wp-json\/wp\/v2\/media?parent=332"}],"wp:term":[{"taxonomy":"category","embeddable":true,"href":"https:\/\/institutviladomat.cat\/portfoli\/15selenemarti\/wp-json\/wp\/v2\/categories?post=332"},{"taxonomy":"post_tag","embeddable":true,"href":"https:\/\/institutviladomat.cat\/portfoli\/15selenemarti\/wp-json\/wp\/v2\/tags?post=332"}],"curies":[{"name":"wp","href":"https:\/\/api.w.org\/{rel}","templated":true}]}}