{"id":338,"date":"2018-10-29T07:45:16","date_gmt":"2018-10-29T07:45:16","guid":{"rendered":"http:\/\/institutviladomat.cat\/portfoli\/15selenemarti\/?p=338"},"modified":"2018-10-29T07:45:16","modified_gmt":"2018-10-29T07:45:16","slug":"die-welle-la-ola","status":"publish","type":"post","link":"https:\/\/institutviladomat.cat\/portfoli\/15selenemarti\/2018\/10\/29\/die-welle-la-ola\/","title":{"rendered":"Die Welle (La Ola)"},"content":{"rendered":"<p>L&#8217;altre dia, 19 d&#8217;ocubre, vam veure la pel\u00b7l\u00edcula de &#8220;La Ola&#8221; per finalitzar la situaci\u00f3 d&#8217;aprenentatge &#8220;401. MENS SANA IN CORPORE SANO&#8221;.<\/p>\n<p>La pel\u00b7l\u00edcula tracta sobre un proessor que ha de fer classe als nois i noies de batxillerat en la setmana de progectes. Ell volia donar anarquia per\u00f2 per temes del institut li toca fer autocr\u00e0cia. A les classes comen\u00e7a a parlar<\/p>\n","protected":false},"excerpt":{"rendered":"<p>L&#8217;altre dia, 19 d&#8217;ocubre, vam veure la pel\u00b7l\u00edcula de &#8220;La Ola&#8221; per finalitzar la situaci\u00f3 d&#8217;aprenentatge &#8220;401. MENS SANA IN<\/p>\n","protected":false},"author":25,"featured_media":339,"comment_status":"open","ping_status":"open","sticky":false,"template":"","format":"standard","meta":{"footnotes":""},"categories":[1],"tags":[],"_links":{"self":[{"href":"https:\/\/institutviladomat.cat\/portfoli\/15selenemarti\/wp-json\/wp\/v2\/posts\/338"}],"collection":[{"href":"https:\/\/institutviladomat.cat\/portfoli\/15selenemarti\/wp-json\/wp\/v2\/posts"}],"about":[{"href":"https:\/\/institutviladomat.cat\/portfoli\/15selenemarti\/wp-json\/wp\/v2\/types\/post"}],"author":[{"embeddable":true,"href":"https:\/\/institutviladomat.cat\/portfoli\/15selenemarti\/wp-json\/wp\/v2\/users\/25"}],"replies":[{"embeddable":true,"href":"https:\/\/institutviladomat.cat\/portfoli\/15selenemarti\/wp-json\/wp\/v2\/comments?post=338"}],"version-history":[{"count":2,"href":"https:\/\/institutviladomat.cat\/portfoli\/15selenemarti\/wp-json\/wp\/v2\/posts\/338\/revisions"}],"predecessor-version":[{"id":341,"href":"https:\/\/institutviladomat.cat\/portfoli\/15selenemarti\/wp-json\/wp\/v2\/posts\/338\/revisions\/341"}],"wp:featuredmedia":[{"embeddable":true,"href":"https:\/\/institutviladomat.cat\/portfoli\/15selenemarti\/wp-json\/wp\/v2\/media\/339"}],"wp:attachment":[{"href":"https:\/\/institutviladomat.cat\/portfoli\/15selenemarti\/wp-json\/wp\/v2\/media?parent=338"}],"wp:term":[{"taxonomy":"category","embeddable":true,"href":"https:\/\/institutviladomat.cat\/portfoli\/15selenemarti\/wp-json\/wp\/v2\/categories?post=338"},{"taxonomy":"post_tag","embeddable":true,"href":"https:\/\/institutviladomat.cat\/portfoli\/15selenemarti\/wp-json\/wp\/v2\/tags?post=338"}],"curies":[{"name":"wp","href":"https:\/\/api.w.org\/{rel}","templated":true}]}}