{"id":344,"date":"2018-11-21T20:59:19","date_gmt":"2018-11-21T20:59:19","guid":{"rendered":"http:\/\/institutviladomat.cat\/portfoli\/15selenemarti\/?p=344"},"modified":"2018-11-21T20:59:27","modified_gmt":"2018-11-21T20:59:27","slug":"la-guerra-de-trinxeres","status":"publish","type":"post","link":"https:\/\/institutviladomat.cat\/portfoli\/15selenemarti\/2018\/11\/21\/la-guerra-de-trinxeres\/","title":{"rendered":"La Guerra de Trinxeres"},"content":{"rendered":"<p>A classe de socials hem estat treballant sobre la guerra de trinxeres. Per grups, vam estar buscant informaci\u00f3 per respondre unes preguntes que ens van formular i, apartir de tota la informaci\u00f3 que van obtenir, vam crear unes presentacions per exposar als altres.<\/p>\n<p>En aquesta presentaci\u00f3, tot es m\u00e9s visual. El meu grup i jo vam utilitzar infografies i imatges per ensenyar com eren les trinxeres. Despr\u00e9s vam continuar exposant dos videos y dos fotos sobre la primera guerra mundial. Tamb\u00e9 vam fer un video creat per nosaltres, encara que vam tenir petits problemes t\u00e8cnics, on intent\u00e0vem transmetre a la gent el dia dia d&#8217;un soldat. Per acabar, vam posar una carta d&#8217;un soldat que en aquella \u00e8poca va escriure a una familiar, per veure millor com va ser la Treva de Nadal. Va ser una feina entretinguda. Os deixo la presentaci\u00f3 perque la pogueu veure.<\/p>\n<p><a href=\"https:\/\/docs.google.com\/presentation\/d\/14ps98s_a4IhKTCzIJ9KOW9SYiGXeegIfJWDt4feYa3o\/edit#slide=id.g4424bd5713_2_10\">La gran Guerra amb les Trinxeres<\/a><\/p>\n","protected":false},"excerpt":{"rendered":"<p>A classe de socials hem estat treballant sobre la guerra de trinxeres. Per grups, vam estar buscant informaci\u00f3 per respondre<\/p>\n","protected":false},"author":25,"featured_media":346,"comment_status":"open","ping_status":"open","sticky":false,"template":"","format":"standard","meta":{"footnotes":""},"categories":[1],"tags":[],"_links":{"self":[{"href":"https:\/\/institutviladomat.cat\/portfoli\/15selenemarti\/wp-json\/wp\/v2\/posts\/344"}],"collection":[{"href":"https:\/\/institutviladomat.cat\/portfoli\/15selenemarti\/wp-json\/wp\/v2\/posts"}],"about":[{"href":"https:\/\/institutviladomat.cat\/portfoli\/15selenemarti\/wp-json\/wp\/v2\/types\/post"}],"author":[{"embeddable":true,"href":"https:\/\/institutviladomat.cat\/portfoli\/15selenemarti\/wp-json\/wp\/v2\/users\/25"}],"replies":[{"embeddable":true,"href":"https:\/\/institutviladomat.cat\/portfoli\/15selenemarti\/wp-json\/wp\/v2\/comments?post=344"}],"version-history":[{"count":1,"href":"https:\/\/institutviladomat.cat\/portfoli\/15selenemarti\/wp-json\/wp\/v2\/posts\/344\/revisions"}],"predecessor-version":[{"id":345,"href":"https:\/\/institutviladomat.cat\/portfoli\/15selenemarti\/wp-json\/wp\/v2\/posts\/344\/revisions\/345"}],"wp:featuredmedia":[{"embeddable":true,"href":"https:\/\/institutviladomat.cat\/portfoli\/15selenemarti\/wp-json\/wp\/v2\/media\/346"}],"wp:attachment":[{"href":"https:\/\/institutviladomat.cat\/portfoli\/15selenemarti\/wp-json\/wp\/v2\/media?parent=344"}],"wp:term":[{"taxonomy":"category","embeddable":true,"href":"https:\/\/institutviladomat.cat\/portfoli\/15selenemarti\/wp-json\/wp\/v2\/categories?post=344"},{"taxonomy":"post_tag","embeddable":true,"href":"https:\/\/institutviladomat.cat\/portfoli\/15selenemarti\/wp-json\/wp\/v2\/tags?post=344"}],"curies":[{"name":"wp","href":"https:\/\/api.w.org\/{rel}","templated":true}]}}